{"id":4247,"date":"2020-09-09T23:37:52","date_gmt":"2020-09-09T21:37:52","guid":{"rendered":"https:\/\/www.handball-ulm.de\/?p=4247"},"modified":"2020-10-16T12:55:04","modified_gmt":"2020-10-16T10:55:04","slug":"maenner-1-saison-bericht-2019-21","status":"publish","type":"post","link":"https:\/\/www.handball-ulm.de\/?p=4247","title":{"rendered":"M\u00e4nner 1: Saison Bericht 2020\/21"},"content":{"rendered":"<p class=\"western\" lang=\"de-DE\"><strong>R\u00fcckblick Saison 2019\/2020<\/strong><\/p>\n<p class=\"western\" lang=\"de-DE\">Nachdem man das tabellarische Ziel der vorherigen Saison knapp verpasst hatte, wollte die Truppe um Coach Bodschwinna erneut die vorderen Tabellenpl\u00e4tze angreifen. Das dies kein leichtes Unterfangen werden w\u00fcrde, war jedem in der Mannschaft bewusst, da mit Christoph Wolfert (Handballrente), Mihael Antunovic (Auslandssemester) und Steffen Miller gleich 3 S\u00e4ulen des R\u00fcckraumes nicht mehr oder nur teilweise zur Verf\u00fcgung standen.<\/p>\n<p class=\"western\" lang=\"de-DE\">Zwar konnte die Mannschaft mit einigen ansprechenden und k\u00e4mpferisch starken Leistungen vor allem vor heimischem Publikum \u00fcberzeugen, doch fehlte leider zu oft die n\u00f6tige Konstanz, so dass man nach der Hinrunde bei 9:13 Punkten das Saisonziel der vorderen Pl\u00e4tze bereits fr\u00fch begraben musste.<\/p>\n<p class=\"western\" lang=\"de-DE\">Nach einem \u00e4hnlich durchwachsenen Start in die R\u00fcckrunde konnte das bis dahin oftmals verletzungsbedingt ersatzgeschw\u00e4chte Team erst mit der R\u00fcckkehr von Mihael Antunovic einen fulminanten Sieg gegen Aufstiegskandidat und Stadtrivalen SC Lehr feiern und anschlie\u00dfend eine kleine Siegesserie starten.<\/p>\n<p class=\"western\" lang=\"de-DE\">Der Ausbruch der Pandemie und der daraus resultierende Saisonabbruch verhinderten eine m\u00f6gliche Aufholjagd der SG-Herren, so dass die Runde auf einem 6. Tabellenplatz abrupt beendet werden musste.<\/p>\n<p class=\"western\" lang=\"de-DE\">Die Mannschaft bedankt sich daher auf diesem Wege bei allen Anh\u00e4ngern der SG Ulm &amp; Wiblingen, die uns in der vergangenen Saison tatkr\u00e4ftig unterst\u00fctzt haben sowie bei Coach Andreas Bodschwinna, der berufsbedingt sein Traineramt f\u00fcr die kommende Saison niederlegen wird und Emanuel \u201eUwe\u201c Mader, der verletzungsbedingt seine aktive Karriere beenden muss.<\/p>\n<p class=\"western\" lang=\"de-DE\"><strong>Ausblick Saison 2020\/2021<\/strong><\/p>\n<p class=\"western\" lang=\"de-DE\">Mit frischem Wind und neuem Trainer Andreas Schiele begibt sich die 1. Herrenmannschaft in st\u00fcrmischen Zeiten in die Vorbereitung f\u00fcr die Bezirksligasaison 2020\/2021. Bei kaum Abg\u00e4ngen, einigen R\u00fcckkehrern und Verst\u00e4rkungen aus der A-Jugend pr\u00e4sentiert sich das Team um Coach Andi Schiele mit einem breiten sowie vielf\u00e4ltigen Kader, so dass erneut das Ziel Aufstieg ausgerufen wird.<\/p>\n<p class=\"western\" lang=\"de-DE\">Auch wenn bis zum Saisonbeginn noch einige corona-bedingten Unbekannten gekl\u00e4rt werden m\u00fcssen, ist das Team bereits jetzt hei\u00df auf die neue Runde und freut sich nach dieser langen Pause mehr denn je auf volle Hallen und spannende Handballspiele mit euch.<\/p>\n<p lang=\"de-DE\">Das TEAM der Herren 1<\/p>\n","protected":false},"excerpt":{"rendered":"<p>R\u00fcckblick Saison 2019\/2020 Nachdem man das tabellarische Ziel der vorherigen Saison knapp verpasst hatte, wollte die Truppe um Coach Bodschwinna erneut die vorderen Tabellenpl\u00e4tze angreifen. Das dies kein leichtes Unterfangen werden w\u00fcrde, war jedem in der Mannschaft bewusst, da mit Christoph Wolfert (Handballrente), Mihael Antunovic (Auslandssemester) und Steffen Miller gleich 3 S\u00e4ulen des R\u00fcckraumes nicht [&hellip;]<\/p>\n<br\/><br\/><a class=\"read-more\" href=\"https:\/\/www.handball-ulm.de\/?p=4247\"> Mehr lesen...<\/a>","protected":false},"author":1,"featured_media":0,"comment_status":"closed","ping_status":"closed","sticky":false,"template":"","format":"standard","meta":{"ngg_post_thumbnail":0,"footnotes":""},"categories":[11],"tags":[],"_links":{"self":[{"href":"https:\/\/www.handball-ulm.de\/index.php?rest_route=\/wp\/v2\/posts\/4247"}],"collection":[{"href":"https:\/\/www.handball-ulm.de\/index.php?rest_route=\/wp\/v2\/posts"}],"about":[{"href":"https:\/\/www.handball-ulm.de\/index.php?rest_route=\/wp\/v2\/types\/post"}],"author":[{"embeddable":true,"href":"https:\/\/www.handball-ulm.de\/index.php?rest_route=\/wp\/v2\/users\/1"}],"replies":[{"embeddable":true,"href":"https:\/\/www.handball-ulm.de\/index.php?rest_route=%2Fwp%2Fv2%2Fcomments&post=4247"}],"version-history":[{"count":3,"href":"https:\/\/www.handball-ulm.de\/index.php?rest_route=\/wp\/v2\/posts\/4247\/revisions"}],"predecessor-version":[{"id":4257,"href":"https:\/\/www.handball-ulm.de\/index.php?rest_route=\/wp\/v2\/posts\/4247\/revisions\/4257"}],"wp:attachment":[{"href":"https:\/\/www.handball-ulm.de\/index.php?rest_route=%2Fwp%2Fv2%2Fmedia&parent=4247"}],"wp:term":[{"taxonomy":"category","embeddable":true,"href":"https:\/\/www.handball-ulm.de\/index.php?rest_route=%2Fwp%2Fv2%2Fcategories&post=4247"},{"taxonomy":"post_tag","embeddable":true,"href":"https:\/\/www.handball-ulm.de\/index.php?rest_route=%2Fwp%2Fv2%2Ftags&post=4247"}],"curies":[{"name":"wp","href":"https:\/\/api.w.org\/{rel}","templated":true}]}}