{"id":4210,"date":"2020-09-09T22:51:41","date_gmt":"2020-09-09T20:51:41","guid":{"rendered":"https:\/\/www.handball-ulm.de\/?p=4210"},"modified":"2020-09-09T23:38:41","modified_gmt":"2020-09-09T21:38:41","slug":"frauen-2-saison-bericht-2020-21","status":"publish","type":"post","link":"https:\/\/www.handball-ulm.de\/?p=4210","title":{"rendered":"Frauen 2: Saison Bericht 2020\/21"},"content":{"rendered":"<p class=\"western\" lang=\"de-DE\">Die R\u00fcckrunde, in der wir nur gegen die beiden ersten Mannschaften in der Tabelle verloren haben, konnten wir leider aufgrund von Corona nicht so erfolgreich weiterf\u00fchren. Die Saison wurde vor den letzten beiden Spielen abrupt abgebrochen. Die Entt\u00e4uschung in der Mannschaft war gro\u00df, da wir uns nach einem grandiosen Sieg gegen Burlafingen mit voller Motivation auf die zwei letzten Gegner gefreut hatten. Unsere geplante Trainings-Pause wurde dadurch vorverlegt.<\/p>\n<p class=\"western\" lang=\"de-DE\">Nachdem wir aufgrund der geltenden Ma\u00dfnahmen nicht wie geplant mit der Vorbereitung beginnen konnten, entschieden wir uns Anfang Mai dazu, unser Training via Skype fortzuf\u00fchren. Somit wurde zumindest der soziale Kontakt aufrecht erhalten. Anfang Juni erreichte uns dann die lang ersehnte Nachricht, dass wir in kleinen Gruppen und unter strengen Auflagen unser Training wieder zusammen durchf\u00fchren konnten. Somit begannen wir die Saisonvorbereitung erst im Freien und dann endlich wie gewohnt in unserer Halle. Nun konnten auch die B\u00e4lle wieder aufgepumpt und die Knieschoner hochgezogen werden.<\/p>\n<p class=\"western\" lang=\"de-DE\">Leider mussten wir uns Ende der Saison von unserer liebgewonnen R\u00fcckraumspielerin Anna verabschieden, da diese berufsbedingt umziehen musste. Daf\u00fcr freuen wir uns sehr, dass wir mit Johanna und Nina zwei Nachwuchs-Spielerinnen aus der Jugend dazugewinnen konnten.<\/p>\n<p class=\"western\" lang=\"de-DE\">Wir hoffen, dass die neue Saison wie geplant stattfinden kann, denn wir m\u00f6chten an unsere gute Leistung der R\u00fcckrunde ankn\u00fcpfen und freuen uns wieder aufs gemeinsame Handballspielen.<\/p>\n<p>Das TEAM der Frauen 2<\/p>\n","protected":false},"excerpt":{"rendered":"<p>Die R\u00fcckrunde, in der wir nur gegen die beiden ersten Mannschaften in der Tabelle verloren haben, konnten wir leider aufgrund von Corona nicht so erfolgreich weiterf\u00fchren. Die Saison wurde vor den letzten beiden Spielen abrupt abgebrochen. Die Entt\u00e4uschung in der Mannschaft war gro\u00df, da wir uns nach einem grandiosen Sieg gegen Burlafingen mit voller Motivation [&hellip;]<\/p>\n<br\/><br\/><a class=\"read-more\" href=\"https:\/\/www.handball-ulm.de\/?p=4210\"> Mehr lesen...<\/a>","protected":false},"author":1,"featured_media":0,"comment_status":"closed","ping_status":"closed","sticky":false,"template":"","format":"standard","meta":{"ngg_post_thumbnail":0,"footnotes":""},"categories":[14],"tags":[],"_links":{"self":[{"href":"https:\/\/www.handball-ulm.de\/index.php?rest_route=\/wp\/v2\/posts\/4210"}],"collection":[{"href":"https:\/\/www.handball-ulm.de\/index.php?rest_route=\/wp\/v2\/posts"}],"about":[{"href":"https:\/\/www.handball-ulm.de\/index.php?rest_route=\/wp\/v2\/types\/post"}],"author":[{"embeddable":true,"href":"https:\/\/www.handball-ulm.de\/index.php?rest_route=\/wp\/v2\/users\/1"}],"replies":[{"embeddable":true,"href":"https:\/\/www.handball-ulm.de\/index.php?rest_route=%2Fwp%2Fv2%2Fcomments&post=4210"}],"version-history":[{"count":3,"href":"https:\/\/www.handball-ulm.de\/index.php?rest_route=\/wp\/v2\/posts\/4210\/revisions"}],"predecessor-version":[{"id":4249,"href":"https:\/\/www.handball-ulm.de\/index.php?rest_route=\/wp\/v2\/posts\/4210\/revisions\/4249"}],"wp:attachment":[{"href":"https:\/\/www.handball-ulm.de\/index.php?rest_route=%2Fwp%2Fv2%2Fmedia&parent=4210"}],"wp:term":[{"taxonomy":"category","embeddable":true,"href":"https:\/\/www.handball-ulm.de\/index.php?rest_route=%2Fwp%2Fv2%2Fcategories&post=4210"},{"taxonomy":"post_tag","embeddable":true,"href":"https:\/\/www.handball-ulm.de\/index.php?rest_route=%2Fwp%2Fv2%2Ftags&post=4210"}],"curies":[{"name":"wp","href":"https:\/\/api.w.org\/{rel}","templated":true}]}}