{"id":4070,"date":"2020-09-07T22:50:04","date_gmt":"2020-09-07T20:50:04","guid":{"rendered":"https:\/\/www.handball-ulm.de\/?p=4070"},"modified":"2020-09-07T22:52:09","modified_gmt":"2020-09-07T20:52:09","slug":"handballcamp-am-ende-des-sommers-2020","status":"publish","type":"post","link":"https:\/\/www.handball-ulm.de\/?p=4070","title":{"rendered":"Handballcamp am Ende des Sommers 2020"},"content":{"rendered":"\n<figure class=\"wp-block-image size-large\"><img loading=\"lazy\" decoding=\"async\" width=\"803\" height=\"1024\" src=\"https:\/\/www.handball-ulm.de\/wp-content\/uploads\/2020\/09\/IMG_7453-803x1024.jpg\" alt=\"\" class=\"wp-image-4030\" srcset=\"https:\/\/www.handball-ulm.de\/wp-content\/uploads\/2020\/09\/IMG_7453-803x1024.jpg 803w, https:\/\/www.handball-ulm.de\/wp-content\/uploads\/2020\/09\/IMG_7453-235x300.jpg 235w, https:\/\/www.handball-ulm.de\/wp-content\/uploads\/2020\/09\/IMG_7453-768x979.jpg 768w, https:\/\/www.handball-ulm.de\/wp-content\/uploads\/2020\/09\/IMG_7453-1204x1536.jpg 1204w, https:\/\/www.handball-ulm.de\/wp-content\/uploads\/2020\/09\/IMG_7453-1606x2048.jpg 1606w, https:\/\/www.handball-ulm.de\/wp-content\/uploads\/2020\/09\/IMG_7453-1170x1492.jpg 1170w, https:\/\/www.handball-ulm.de\/wp-content\/uploads\/2020\/09\/IMG_7453-scaled.jpg 2007w\" sizes=\"(max-width: 803px) 100vw, 803px\" \/><\/figure>\n\n\n\n<p>Montag, 07.09.2020. Es ist 9:00 Uhr in der Ballspielhalle. Die Kinder der E-Jugend der SG Ulm &amp; Wiblingen laufen in die Halle. Es ist Camp-Zeit. <\/p>\n\n\n\n<p>Da in diesem besonderen Sommer viele Kinder nicht in den Urlaub fahren, haben die Verantwortlichen um Dinah Reitz beschlossen, diesen Kindern ein bisschen Spa\u00df und Sport zu erm\u00f6glichen. <\/p>\n\n\n\n<figure class=\"wp-block-gallery columns-3 is-cropped wp-block-gallery-1 is-layout-flex wp-block-gallery-is-layout-flex\"><ul class=\"blocks-gallery-grid\"><li class=\"blocks-gallery-item\"><figure><img loading=\"lazy\" decoding=\"async\" width=\"1024\" height=\"769\" src=\"https:\/\/www.handball-ulm.de\/wp-content\/uploads\/2020\/09\/IMG_7506-1024x769.jpg\" alt=\"\" data-id=\"4048\" data-full-url=\"https:\/\/www.handball-ulm.de\/wp-content\/uploads\/2020\/09\/IMG_7506-scaled.jpg\" data-link=\"https:\/\/www.handball-ulm.de\/?attachment_id=4048\" class=\"wp-image-4048\" srcset=\"https:\/\/www.handball-ulm.de\/wp-content\/uploads\/2020\/09\/IMG_7506-1024x769.jpg 1024w, https:\/\/www.handball-ulm.de\/wp-content\/uploads\/2020\/09\/IMG_7506-300x225.jpg 300w, https:\/\/www.handball-ulm.de\/wp-content\/uploads\/2020\/09\/IMG_7506-768x577.jpg 768w, https:\/\/www.handball-ulm.de\/wp-content\/uploads\/2020\/09\/IMG_7506-1536x1154.jpg 1536w, https:\/\/www.handball-ulm.de\/wp-content\/uploads\/2020\/09\/IMG_7506-2048x1538.jpg 2048w, https:\/\/www.handball-ulm.de\/wp-content\/uploads\/2020\/09\/IMG_7506-1170x879.jpg 1170w\" sizes=\"(max-width: 1024px) 100vw, 1024px\" \/><\/figure><\/li><li class=\"blocks-gallery-item\"><figure><img loading=\"lazy\" decoding=\"async\" width=\"1024\" height=\"983\" src=\"https:\/\/www.handball-ulm.de\/wp-content\/uploads\/2020\/09\/IMG_7499-1024x983.jpg\" alt=\"\" data-id=\"4047\" data-full-url=\"https:\/\/www.handball-ulm.de\/wp-content\/uploads\/2020\/09\/IMG_7499.jpg\" data-link=\"https:\/\/www.handball-ulm.de\/?attachment_id=4047\" class=\"wp-image-4047\" srcset=\"https:\/\/www.handball-ulm.de\/wp-content\/uploads\/2020\/09\/IMG_7499-1024x983.jpg 1024w, https:\/\/www.handball-ulm.de\/wp-content\/uploads\/2020\/09\/IMG_7499-300x288.jpg 300w, https:\/\/www.handball-ulm.de\/wp-content\/uploads\/2020\/09\/IMG_7499-768x737.jpg 768w, https:\/\/www.handball-ulm.de\/wp-content\/uploads\/2020\/09\/IMG_7499-1536x1475.jpg 1536w, https:\/\/www.handball-ulm.de\/wp-content\/uploads\/2020\/09\/IMG_7499-2048x1966.jpg 2048w, https:\/\/www.handball-ulm.de\/wp-content\/uploads\/2020\/09\/IMG_7499-1170x1123.jpg 1170w\" sizes=\"(max-width: 1024px) 100vw, 1024px\" \/><\/figure><\/li><li class=\"blocks-gallery-item\"><figure><img loading=\"lazy\" decoding=\"async\" width=\"961\" height=\"1024\" src=\"https:\/\/www.handball-ulm.de\/wp-content\/uploads\/2020\/09\/IMG_7460-961x1024.jpg\" alt=\"\" data-id=\"4034\" data-full-url=\"https:\/\/www.handball-ulm.de\/wp-content\/uploads\/2020\/09\/IMG_7460-scaled.jpg\" data-link=\"https:\/\/www.handball-ulm.de\/?attachment_id=4034\" class=\"wp-image-4034\" srcset=\"https:\/\/www.handball-ulm.de\/wp-content\/uploads\/2020\/09\/IMG_7460-961x1024.jpg 961w, https:\/\/www.handball-ulm.de\/wp-content\/uploads\/2020\/09\/IMG_7460-282x300.jpg 282w, https:\/\/www.handball-ulm.de\/wp-content\/uploads\/2020\/09\/IMG_7460-768x818.jpg 768w, https:\/\/www.handball-ulm.de\/wp-content\/uploads\/2020\/09\/IMG_7460-1442x1536.jpg 1442w, https:\/\/www.handball-ulm.de\/wp-content\/uploads\/2020\/09\/IMG_7460-1922x2048.jpg 1922w, https:\/\/www.handball-ulm.de\/wp-content\/uploads\/2020\/09\/IMG_7460-1170x1246.jpg 1170w\" sizes=\"(max-width: 961px) 100vw, 961px\" \/><\/figure><\/li><\/ul><\/figure>\n\n\n\n<p>In v\u00f6llig anderem Konzept ohne Mittagessen treffen morgens die Kinder der E-Jugend und am Nachmittag die Kinder der D-Jugend in der Halle ein.<\/p>\n\n\n\n<p>Vier Trainer begr\u00fc\u00dfen die E-Jugendlichen. Mit dabei sind Flo, Dinah, Ralf und Pauli. Voller Schwung geht es los und sogleich werden koordinative Anspr\u00fcche gestellt, Ziemlich schnell bilden sich die ersten Schwei\u00dftropfen auf den Stirnen der Kinder. Kommt doch Ralf auf die tolle Idee, w\u00e4hrend der Reifenbahn auch noch Matheaufgaben zu stellen. Doch alle KInder meistern die Aufgabe mit Bravour. Weiter geht es mit vielen \u00dcbungen um den Ball. Als Abschlu\u00df darf nat\u00fcrlich das &#8222;richtige&#8220; Handballspiel nicht fehlen. Zufrieden gehen die Kinder um 12 Uhr nach Hause und freuen sich schon auf den n\u00e4chsten Camptag. <\/p>\n\n\n\n<p>Die Trainer spazieren zum nahegelegenen Haus von Pauli und bekommen dort deftige Eierkuchen als Mittagessen. Lange Zeit ist nicht f\u00fcr die Pause, dann spazieren die Trainer wieder zur Halle. <\/p>\n\n\n\n<figure class=\"wp-block-image size-large\"><img loading=\"lazy\" decoding=\"async\" width=\"1000\" height=\"1024\" src=\"https:\/\/www.handball-ulm.de\/wp-content\/uploads\/2020\/09\/20200907_131256-1000x1024.jpg\" alt=\"\" class=\"wp-image-4071\" srcset=\"https:\/\/www.handball-ulm.de\/wp-content\/uploads\/2020\/09\/20200907_131256-1000x1024.jpg 1000w, https:\/\/www.handball-ulm.de\/wp-content\/uploads\/2020\/09\/20200907_131256-293x300.jpg 293w, https:\/\/www.handball-ulm.de\/wp-content\/uploads\/2020\/09\/20200907_131256-768x786.jpg 768w, https:\/\/www.handball-ulm.de\/wp-content\/uploads\/2020\/09\/20200907_131256-1500x1536.jpg 1500w, https:\/\/www.handball-ulm.de\/wp-content\/uploads\/2020\/09\/20200907_131256-1170x1198.jpg 1170w\" sizes=\"(max-width: 1000px) 100vw, 1000px\" \/><\/figure>\n\n\n\n<p>Die D-Jugendlichen und der f\u00fcnfte Trainer Noah warten schon. 13:30 Uhr geht es weiter. Spannende Aufgabe f\u00fcr Kinder und Trainer. Folgt 5 Leadern beim Aufw\u00e4rmen, ohne dass die Trainer etwas sagen. Das treibt gar wilde Bl\u00fcten. Immerhin sorgt es f\u00fcr Erheiterung bei den Trainern. <\/p>\n\n\n\n<figure class=\"wp-block-image size-large\"><img loading=\"lazy\" decoding=\"async\" width=\"1024\" height=\"768\" src=\"https:\/\/www.handball-ulm.de\/wp-content\/uploads\/2020\/09\/20200907_133702-1024x768.jpg\" alt=\"\" class=\"wp-image-4072\" srcset=\"https:\/\/www.handball-ulm.de\/wp-content\/uploads\/2020\/09\/20200907_133702-1024x768.jpg 1024w, https:\/\/www.handball-ulm.de\/wp-content\/uploads\/2020\/09\/20200907_133702-300x225.jpg 300w, https:\/\/www.handball-ulm.de\/wp-content\/uploads\/2020\/09\/20200907_133702-768x576.jpg 768w, https:\/\/www.handball-ulm.de\/wp-content\/uploads\/2020\/09\/20200907_133702-1536x1152.jpg 1536w, https:\/\/www.handball-ulm.de\/wp-content\/uploads\/2020\/09\/20200907_133702-2048x1536.jpg 2048w, https:\/\/www.handball-ulm.de\/wp-content\/uploads\/2020\/09\/20200907_133702-1170x878.jpg 1170w\" sizes=\"(max-width: 1024px) 100vw, 1024px\" \/><\/figure>\n\n\n\n<p>Die \u00dcbungen f\u00fcr diese Jugend sind deutlich anspruchsvoller als am Morgen. Alle geben alles und haben sichtlich Spa\u00df dabei. Man merkt am Ende beim Handballspiel, dass es gut ist, dass das Camp um 17:30 Uhr die Pforten schlie\u00dft f\u00fcr diesen ersten Tag.<\/p>\n\n\n\n<p>Zufrieden und gl\u00fccklich gehen alle nach Hause.<\/p>\n\n\n\n<figure class=\"wp-block-gallery columns-3 is-cropped wp-block-gallery-2 is-layout-flex wp-block-gallery-is-layout-flex\"><ul class=\"blocks-gallery-grid\"><li class=\"blocks-gallery-item\"><figure><img loading=\"lazy\" decoding=\"async\" width=\"683\" height=\"1024\" src=\"https:\/\/www.handball-ulm.de\/wp-content\/uploads\/2020\/09\/IMG_7534-683x1024.jpg\" alt=\"\" data-id=\"4074\" data-full-url=\"https:\/\/www.handball-ulm.de\/wp-content\/uploads\/2020\/09\/IMG_7534-scaled.jpg\" data-link=\"https:\/\/www.handball-ulm.de\/?attachment_id=4074\" class=\"wp-image-4074\" srcset=\"https:\/\/www.handball-ulm.de\/wp-content\/uploads\/2020\/09\/IMG_7534-683x1024.jpg 683w, https:\/\/www.handball-ulm.de\/wp-content\/uploads\/2020\/09\/IMG_7534-200x300.jpg 200w, https:\/\/www.handball-ulm.de\/wp-content\/uploads\/2020\/09\/IMG_7534-768x1152.jpg 768w, https:\/\/www.handball-ulm.de\/wp-content\/uploads\/2020\/09\/IMG_7534-1024x1536.jpg 1024w, https:\/\/www.handball-ulm.de\/wp-content\/uploads\/2020\/09\/IMG_7534-1365x2048.jpg 1365w, https:\/\/www.handball-ulm.de\/wp-content\/uploads\/2020\/09\/IMG_7534-1170x1755.jpg 1170w, https:\/\/www.handball-ulm.de\/wp-content\/uploads\/2020\/09\/IMG_7534-scaled.jpg 1707w\" sizes=\"(max-width: 683px) 100vw, 683px\" \/><\/figure><\/li><li class=\"blocks-gallery-item\"><figure><img loading=\"lazy\" decoding=\"async\" width=\"683\" height=\"1024\" src=\"https:\/\/www.handball-ulm.de\/wp-content\/uploads\/2020\/09\/IMG_7537-683x1024.jpg\" alt=\"\" data-id=\"4075\" data-full-url=\"https:\/\/www.handball-ulm.de\/wp-content\/uploads\/2020\/09\/IMG_7537-scaled.jpg\" data-link=\"https:\/\/www.handball-ulm.de\/?attachment_id=4075\" class=\"wp-image-4075\" srcset=\"https:\/\/www.handball-ulm.de\/wp-content\/uploads\/2020\/09\/IMG_7537-683x1024.jpg 683w, https:\/\/www.handball-ulm.de\/wp-content\/uploads\/2020\/09\/IMG_7537-200x300.jpg 200w, https:\/\/www.handball-ulm.de\/wp-content\/uploads\/2020\/09\/IMG_7537-768x1152.jpg 768w, https:\/\/www.handball-ulm.de\/wp-content\/uploads\/2020\/09\/IMG_7537-1024x1536.jpg 1024w, https:\/\/www.handball-ulm.de\/wp-content\/uploads\/2020\/09\/IMG_7537-1365x2048.jpg 1365w, https:\/\/www.handball-ulm.de\/wp-content\/uploads\/2020\/09\/IMG_7537-1170x1755.jpg 1170w, https:\/\/www.handball-ulm.de\/wp-content\/uploads\/2020\/09\/IMG_7537-scaled.jpg 1707w\" sizes=\"(max-width: 683px) 100vw, 683px\" \/><\/figure><\/li><li class=\"blocks-gallery-item\"><figure><img loading=\"lazy\" decoding=\"async\" width=\"683\" height=\"1024\" src=\"https:\/\/www.handball-ulm.de\/wp-content\/uploads\/2020\/09\/IMG_7520-683x1024.jpg\" alt=\"\" data-id=\"4076\" data-full-url=\"https:\/\/www.handball-ulm.de\/wp-content\/uploads\/2020\/09\/IMG_7520-scaled.jpg\" data-link=\"https:\/\/www.handball-ulm.de\/?attachment_id=4076\" class=\"wp-image-4076\" srcset=\"https:\/\/www.handball-ulm.de\/wp-content\/uploads\/2020\/09\/IMG_7520-683x1024.jpg 683w, https:\/\/www.handball-ulm.de\/wp-content\/uploads\/2020\/09\/IMG_7520-200x300.jpg 200w, https:\/\/www.handball-ulm.de\/wp-content\/uploads\/2020\/09\/IMG_7520-768x1152.jpg 768w, https:\/\/www.handball-ulm.de\/wp-content\/uploads\/2020\/09\/IMG_7520-1024x1536.jpg 1024w, https:\/\/www.handball-ulm.de\/wp-content\/uploads\/2020\/09\/IMG_7520-1365x2048.jpg 1365w, https:\/\/www.handball-ulm.de\/wp-content\/uploads\/2020\/09\/IMG_7520-1170x1755.jpg 1170w, https:\/\/www.handball-ulm.de\/wp-content\/uploads\/2020\/09\/IMG_7520-scaled.jpg 1707w\" sizes=\"(max-width: 683px) 100vw, 683px\" \/><\/figure><\/li><li class=\"blocks-gallery-item\"><figure><img loading=\"lazy\" decoding=\"async\" width=\"683\" height=\"1024\" src=\"https:\/\/www.handball-ulm.de\/wp-content\/uploads\/2020\/09\/IMG_7526-683x1024.jpg\" alt=\"\" data-id=\"4077\" data-full-url=\"https:\/\/www.handball-ulm.de\/wp-content\/uploads\/2020\/09\/IMG_7526-scaled.jpg\" data-link=\"https:\/\/www.handball-ulm.de\/?attachment_id=4077\" class=\"wp-image-4077\" srcset=\"https:\/\/www.handball-ulm.de\/wp-content\/uploads\/2020\/09\/IMG_7526-683x1024.jpg 683w, https:\/\/www.handball-ulm.de\/wp-content\/uploads\/2020\/09\/IMG_7526-200x300.jpg 200w, https:\/\/www.handball-ulm.de\/wp-content\/uploads\/2020\/09\/IMG_7526-768x1152.jpg 768w, https:\/\/www.handball-ulm.de\/wp-content\/uploads\/2020\/09\/IMG_7526-1024x1536.jpg 1024w, https:\/\/www.handball-ulm.de\/wp-content\/uploads\/2020\/09\/IMG_7526-1365x2048.jpg 1365w, https:\/\/www.handball-ulm.de\/wp-content\/uploads\/2020\/09\/IMG_7526-1170x1755.jpg 1170w, https:\/\/www.handball-ulm.de\/wp-content\/uploads\/2020\/09\/IMG_7526-scaled.jpg 1707w\" sizes=\"(max-width: 683px) 100vw, 683px\" \/><\/figure><\/li><li class=\"blocks-gallery-item\"><figure><img loading=\"lazy\" decoding=\"async\" width=\"683\" height=\"1024\" src=\"https:\/\/www.handball-ulm.de\/wp-content\/uploads\/2020\/09\/IMG_7529-683x1024.jpg\" alt=\"\" data-id=\"4078\" data-full-url=\"https:\/\/www.handball-ulm.de\/wp-content\/uploads\/2020\/09\/IMG_7529-scaled.jpg\" data-link=\"https:\/\/www.handball-ulm.de\/?attachment_id=4078\" class=\"wp-image-4078\" srcset=\"https:\/\/www.handball-ulm.de\/wp-content\/uploads\/2020\/09\/IMG_7529-683x1024.jpg 683w, https:\/\/www.handball-ulm.de\/wp-content\/uploads\/2020\/09\/IMG_7529-200x300.jpg 200w, https:\/\/www.handball-ulm.de\/wp-content\/uploads\/2020\/09\/IMG_7529-768x1152.jpg 768w, https:\/\/www.handball-ulm.de\/wp-content\/uploads\/2020\/09\/IMG_7529-1024x1536.jpg 1024w, https:\/\/www.handball-ulm.de\/wp-content\/uploads\/2020\/09\/IMG_7529-1365x2048.jpg 1365w, https:\/\/www.handball-ulm.de\/wp-content\/uploads\/2020\/09\/IMG_7529-1170x1755.jpg 1170w, https:\/\/www.handball-ulm.de\/wp-content\/uploads\/2020\/09\/IMG_7529-scaled.jpg 1707w\" sizes=\"(max-width: 683px) 100vw, 683px\" \/><\/figure><\/li><li class=\"blocks-gallery-item\"><figure><img loading=\"lazy\" decoding=\"async\" width=\"683\" height=\"1024\" src=\"https:\/\/www.handball-ulm.de\/wp-content\/uploads\/2020\/09\/IMG_7531-683x1024.jpg\" alt=\"\" data-id=\"4079\" data-full-url=\"https:\/\/www.handball-ulm.de\/wp-content\/uploads\/2020\/09\/IMG_7531-scaled.jpg\" data-link=\"https:\/\/www.handball-ulm.de\/?attachment_id=4079\" class=\"wp-image-4079\" srcset=\"https:\/\/www.handball-ulm.de\/wp-content\/uploads\/2020\/09\/IMG_7531-683x1024.jpg 683w, https:\/\/www.handball-ulm.de\/wp-content\/uploads\/2020\/09\/IMG_7531-200x300.jpg 200w, https:\/\/www.handball-ulm.de\/wp-content\/uploads\/2020\/09\/IMG_7531-768x1152.jpg 768w, https:\/\/www.handball-ulm.de\/wp-content\/uploads\/2020\/09\/IMG_7531-1024x1536.jpg 1024w, https:\/\/www.handball-ulm.de\/wp-content\/uploads\/2020\/09\/IMG_7531-1365x2048.jpg 1365w, https:\/\/www.handball-ulm.de\/wp-content\/uploads\/2020\/09\/IMG_7531-1170x1755.jpg 1170w, https:\/\/www.handball-ulm.de\/wp-content\/uploads\/2020\/09\/IMG_7531-scaled.jpg 1707w\" sizes=\"(max-width: 683px) 100vw, 683px\" \/><\/figure><\/li><\/ul><\/figure>\n","protected":false},"excerpt":{"rendered":"<p>Montag, 07.09.2020. Es ist 9:00 Uhr in der Ballspielhalle. Die Kinder der E-Jugend der SG Ulm &amp; Wiblingen laufen in die Halle. Es ist Camp-Zeit. Da in diesem besonderen Sommer viele Kinder nicht in den Urlaub fahren, haben die Verantwortlichen um Dinah Reitz beschlossen, diesen Kindern ein bisschen Spa\u00df und Sport zu erm\u00f6glichen. In v\u00f6llig [&hellip;]<\/p>\n<br\/><br\/><a class=\"read-more\" href=\"https:\/\/www.handball-ulm.de\/?p=4070\"> Mehr lesen...<\/a>","protected":false},"author":10,"featured_media":4081,"comment_status":"closed","ping_status":"closed","sticky":false,"template":"","format":"standard","meta":{"ngg_post_thumbnail":0,"footnotes":""},"categories":[1,70,65,8,63],"tags":[],"_links":{"self":[{"href":"https:\/\/www.handball-ulm.de\/index.php?rest_route=\/wp\/v2\/posts\/4070"}],"collection":[{"href":"https:\/\/www.handball-ulm.de\/index.php?rest_route=\/wp\/v2\/posts"}],"about":[{"href":"https:\/\/www.handball-ulm.de\/index.php?rest_route=\/wp\/v2\/types\/post"}],"author":[{"embeddable":true,"href":"https:\/\/www.handball-ulm.de\/index.php?rest_route=\/wp\/v2\/users\/10"}],"replies":[{"embeddable":true,"href":"https:\/\/www.handball-ulm.de\/index.php?rest_route=%2Fwp%2Fv2%2Fcomments&post=4070"}],"version-history":[{"count":1,"href":"https:\/\/www.handball-ulm.de\/index.php?rest_route=\/wp\/v2\/posts\/4070\/revisions"}],"predecessor-version":[{"id":4080,"href":"https:\/\/www.handball-ulm.de\/index.php?rest_route=\/wp\/v2\/posts\/4070\/revisions\/4080"}],"wp:featuredmedia":[{"embeddable":true,"href":"https:\/\/www.handball-ulm.de\/index.php?rest_route=\/wp\/v2\/media\/4081"}],"wp:attachment":[{"href":"https:\/\/www.handball-ulm.de\/index.php?rest_route=%2Fwp%2Fv2%2Fmedia&parent=4070"}],"wp:term":[{"taxonomy":"category","embeddable":true,"href":"https:\/\/www.handball-ulm.de\/index.php?rest_route=%2Fwp%2Fv2%2Fcategories&post=4070"},{"taxonomy":"post_tag","embeddable":true,"href":"https:\/\/www.handball-ulm.de\/index.php?rest_route=%2Fwp%2Fv2%2Ftags&post=4070"}],"curies":[{"name":"wp","href":"https:\/\/api.w.org\/{rel}","templated":true}]}}