{"id":4006,"date":"2020-08-07T22:06:00","date_gmt":"2020-08-07T20:06:00","guid":{"rendered":"https:\/\/www.handball-ulm.de\/?p=4006"},"modified":"2020-09-01T21:21:30","modified_gmt":"2020-09-01T19:21:30","slug":"kennenlernen-in-zeiten-des-virus","status":"publish","type":"post","link":"https:\/\/www.handball-ulm.de\/?p=4006","title":{"rendered":"M\u00e4nner 1 &#8211; Kennenlernen in Zeiten des Virus"},"content":{"rendered":"\n<p>Wie es der Lauf der Zeit so m\u00f6chte, werden wir alle nicht\nj\u00fcnger. Jahr f\u00fcr Jahr altern wir und so mussten in den letzten Jahren einige\nSpieler der Herren 1 die Mannschaft aus altersbedingten Gr\u00fcnden verlassen. Sei\nes, dass die Familie gewachsen ist, der K\u00f6rper aufgrund verschiedenster Gebrechen\nnicht mehr mitmacht oder einfach, weil \u201eMann\u201c etwas zu alt geworden ist.<\/p>\n\n\n\n<figure class=\"wp-block-gallery columns-3 is-cropped wp-block-gallery-1 is-layout-flex wp-block-gallery-is-layout-flex\"><ul class=\"blocks-gallery-grid\"><li class=\"blocks-gallery-item\"><figure><img loading=\"lazy\" decoding=\"async\" width=\"768\" height=\"1024\" src=\"https:\/\/www.handball-ulm.de\/wp-content\/uploads\/2020\/09\/WhatsApp-Image-2020-09-01-at-10.11.05-768x1024.jpeg\" alt=\"\" data-id=\"4021\" data-full-url=\"https:\/\/www.handball-ulm.de\/wp-content\/uploads\/2020\/09\/WhatsApp-Image-2020-09-01-at-10.11.05.jpeg\" data-link=\"https:\/\/www.handball-ulm.de\/?attachment_id=4021\" class=\"wp-image-4021\" srcset=\"https:\/\/www.handball-ulm.de\/wp-content\/uploads\/2020\/09\/WhatsApp-Image-2020-09-01-at-10.11.05-768x1024.jpeg 768w, https:\/\/www.handball-ulm.de\/wp-content\/uploads\/2020\/09\/WhatsApp-Image-2020-09-01-at-10.11.05-225x300.jpeg 225w, https:\/\/www.handball-ulm.de\/wp-content\/uploads\/2020\/09\/WhatsApp-Image-2020-09-01-at-10.11.05-1152x1536.jpeg 1152w, https:\/\/www.handball-ulm.de\/wp-content\/uploads\/2020\/09\/WhatsApp-Image-2020-09-01-at-10.11.05-1170x1560.jpeg 1170w, https:\/\/www.handball-ulm.de\/wp-content\/uploads\/2020\/09\/WhatsApp-Image-2020-09-01-at-10.11.05.jpeg 1200w\" sizes=\"(max-width: 768px) 100vw, 768px\" \/><\/figure><\/li><li class=\"blocks-gallery-item\"><figure><img loading=\"lazy\" decoding=\"async\" width=\"1024\" height=\"512\" src=\"https:\/\/www.handball-ulm.de\/wp-content\/uploads\/2020\/09\/4M\u00e4-1024x512.jpeg\" alt=\"\" data-id=\"4022\" data-full-url=\"https:\/\/www.handball-ulm.de\/wp-content\/uploads\/2020\/09\/4M\u00e4.jpeg\" data-link=\"https:\/\/www.handball-ulm.de\/?attachment_id=4022\" class=\"wp-image-4022\" srcset=\"https:\/\/www.handball-ulm.de\/wp-content\/uploads\/2020\/09\/4M\u00e4-1024x512.jpeg 1024w, https:\/\/www.handball-ulm.de\/wp-content\/uploads\/2020\/09\/4M\u00e4-300x150.jpeg 300w, https:\/\/www.handball-ulm.de\/wp-content\/uploads\/2020\/09\/4M\u00e4-768x384.jpeg 768w, https:\/\/www.handball-ulm.de\/wp-content\/uploads\/2020\/09\/4M\u00e4-1536x768.jpeg 1536w, https:\/\/www.handball-ulm.de\/wp-content\/uploads\/2020\/09\/4M\u00e4-1170x585.jpeg 1170w, https:\/\/www.handball-ulm.de\/wp-content\/uploads\/2020\/09\/4M\u00e4.jpeg 1600w\" sizes=\"(max-width: 1024px) 100vw, 1024px\" \/><\/figure><\/li><li class=\"blocks-gallery-item\"><figure><img loading=\"lazy\" decoding=\"async\" width=\"1024\" height=\"768\" src=\"https:\/\/www.handball-ulm.de\/wp-content\/uploads\/2020\/09\/3M\u00e4.jpeg\" alt=\"\" data-id=\"4024\" data-full-url=\"https:\/\/www.handball-ulm.de\/wp-content\/uploads\/2020\/09\/3M\u00e4.jpeg\" data-link=\"https:\/\/www.handball-ulm.de\/?attachment_id=4024\" class=\"wp-image-4024\" srcset=\"https:\/\/www.handball-ulm.de\/wp-content\/uploads\/2020\/09\/3M\u00e4.jpeg 1024w, https:\/\/www.handball-ulm.de\/wp-content\/uploads\/2020\/09\/3M\u00e4-300x225.jpeg 300w, https:\/\/www.handball-ulm.de\/wp-content\/uploads\/2020\/09\/3M\u00e4-768x576.jpeg 768w\" sizes=\"(max-width: 1024px) 100vw, 1024px\" \/><\/figure><\/li><li class=\"blocks-gallery-item\"><figure><img loading=\"lazy\" decoding=\"async\" width=\"1024\" height=\"768\" src=\"https:\/\/www.handball-ulm.de\/wp-content\/uploads\/2020\/09\/2M\u00e4-1024x768.jpeg\" alt=\"\" data-id=\"4023\" data-full-url=\"https:\/\/www.handball-ulm.de\/wp-content\/uploads\/2020\/09\/2M\u00e4.jpeg\" data-link=\"https:\/\/www.handball-ulm.de\/?attachment_id=4023\" class=\"wp-image-4023\" srcset=\"https:\/\/www.handball-ulm.de\/wp-content\/uploads\/2020\/09\/2M\u00e4-1024x768.jpeg 1024w, https:\/\/www.handball-ulm.de\/wp-content\/uploads\/2020\/09\/2M\u00e4-300x225.jpeg 300w, https:\/\/www.handball-ulm.de\/wp-content\/uploads\/2020\/09\/2M\u00e4-768x576.jpeg 768w, https:\/\/www.handball-ulm.de\/wp-content\/uploads\/2020\/09\/2M\u00e4-1536x1153.jpeg 1536w, https:\/\/www.handball-ulm.de\/wp-content\/uploads\/2020\/09\/2M\u00e4-1170x878.jpeg 1170w, https:\/\/www.handball-ulm.de\/wp-content\/uploads\/2020\/09\/2M\u00e4.jpeg 1599w\" sizes=\"(max-width: 1024px) 100vw, 1024px\" \/><\/figure><\/li><\/ul><\/figure>\n\n\n\n<p>Zum Gl\u00fcck wurden wir bereits im letzten Jahr von jungen\nSpielern aus der Jugend unterst\u00fctzt. Zur neuen Saison sto\u00dfen weitere \u201eJungs\u201c\naus dem Juniorenbereich zu den \u201eM\u00e4nnern\u201c in den Aktivenbereich hinzu.<\/p>\n\n\n\n<p>Um das Kennenlernen zu vereinfachen und zu beschleunigen,\nsollte im Auftrag des neuen Trainers Andreas Schiele eine kleine Fete mit allen\nBeteiligten stattfinden. Die \u00fcblichen Verd\u00e4chtigen namens \u201eAltstadt-Tour\u201c und\n\u201eHomeparty\u201c mussten aufgrund der Pandemie-Einschr\u00e4nkungen im L\u00e4ndle leider\nabsagen. Zum Gl\u00fcck stellte uns die Familie D\u00f6rfler ihren Schrebergarten zur\nVerf\u00fcgung. Hier konnte man an frischer Luft und unter der Wahrung aller\nKontakt- und Abstandsbeschr\u00e4nkungen eine kleine Fete unter sonnigem und sp\u00e4ter\nsternenklarem Himmel feiern.<\/p>\n\n\n\n<p>Um ausreichend Abstand zu gew\u00e4hren, brachten fast alle\nSpieler ihre eigenen Klappst\u00fchle mit. Bei den Premiummodellen war der\nBierhalter selbstverst\u00e4ndlich integriert und musste nicht als Extra in Form von\nanstrengender Muskelarbeit der Schulter, des Ober-, sowie des Unterarms bezahlt\nwerden. Da Bier bekannterma\u00dfen Hunger macht, wurde das ein oder andere St\u00fcck\nSchwein, Rind und Pute auf den Grill geworfen und nachdem es die perfekten\nR\u00f6staromen entwickelt hatte, in den Schlund der Hungrigen Handballer geworfen.<\/p>\n\n\n\n<figure class=\"wp-block-image size-large\"><img loading=\"lazy\" decoding=\"async\" width=\"1024\" height=\"512\" src=\"https:\/\/www.handball-ulm.de\/wp-content\/uploads\/2020\/09\/1M\u00c4-1024x512.jpeg\" alt=\"\" class=\"wp-image-4020\" srcset=\"https:\/\/www.handball-ulm.de\/wp-content\/uploads\/2020\/09\/1M\u00c4-1024x512.jpeg 1024w, https:\/\/www.handball-ulm.de\/wp-content\/uploads\/2020\/09\/1M\u00c4-300x150.jpeg 300w, https:\/\/www.handball-ulm.de\/wp-content\/uploads\/2020\/09\/1M\u00c4-768x384.jpeg 768w, https:\/\/www.handball-ulm.de\/wp-content\/uploads\/2020\/09\/1M\u00c4-1536x768.jpeg 1536w, https:\/\/www.handball-ulm.de\/wp-content\/uploads\/2020\/09\/1M\u00c4-1170x585.jpeg 1170w, https:\/\/www.handball-ulm.de\/wp-content\/uploads\/2020\/09\/1M\u00c4.jpeg 1600w\" sizes=\"(max-width: 1024px) 100vw, 1024px\" \/><\/figure>\n\n\n\n<p>Auch die sportliche Bet\u00e4tigung durfte an so einem\ngem\u00fctlichen Abend nat\u00fcrlich nicht fehlen. Ein Gl\u00fcck, dass ein Bierpong-Tisch\nl\u00e4nger als 1,50m ist. So konnte mit ausreichen Abstand und nach Einnahme\nweiterer Fl\u00fcssigkeiten zur Verbesserung der Zielsicherheit der sportliche\nEhrgeiz bei vielen Runden Bierpong befriedigt werden.<\/p>\n\n\n\n<figure class=\"wp-block-image size-large\"><img loading=\"lazy\" decoding=\"async\" width=\"768\" height=\"1024\" src=\"https:\/\/www.handball-ulm.de\/wp-content\/uploads\/2020\/09\/6M\u00e4-768x1024.jpeg\" alt=\"\" class=\"wp-image-4025\" srcset=\"https:\/\/www.handball-ulm.de\/wp-content\/uploads\/2020\/09\/6M\u00e4-768x1024.jpeg 768w, https:\/\/www.handball-ulm.de\/wp-content\/uploads\/2020\/09\/6M\u00e4-225x300.jpeg 225w, https:\/\/www.handball-ulm.de\/wp-content\/uploads\/2020\/09\/6M\u00e4-1152x1536.jpeg 1152w, https:\/\/www.handball-ulm.de\/wp-content\/uploads\/2020\/09\/6M\u00e4-1170x1560.jpeg 1170w, https:\/\/www.handball-ulm.de\/wp-content\/uploads\/2020\/09\/6M\u00e4.jpeg 1200w\" sizes=\"(max-width: 768px) 100vw, 768px\" \/><\/figure>\n\n\n\n<p>Mit hereinbrechender Dunkelheit und abnehmenden Temperaturen\nwurde ein kleines Feuerchen gemacht, um sowohl ein wenig Helligkeit f\u00fcr die\nZielwurf\u00fcbungen zu erhalten, als auch die K\u00f6rpertemperatur der Mannen, welche\ndurch das Trinken isotonischer Kaltgetr\u00e4nke schon etwas abgenommen hatte, nicht\nnoch weiter absinken zu lassen. Bei guten Gespr\u00e4chen und einigen mehr oder\nminder guten Gesangseinlagen nahm die Nacht ihren Lauf. Zu sp\u00e4ter Stunde wurde\nein Schwedenfeuer entfacht, welches einige der Feierw\u00fctigen daran erinnerte,\ndass es langsam an der Zeit war, den Heimweg anzutreten. Auf ihren Drahteseln\nfuhren die meisten dem Bett und dem Morgengrauen entgegen, andere schoben das\nZweirad lieber, um keine Verletzungen zu riskieren. Die letzten Flammen des\nSchwedenfeuers beendeten das Gartenfest und am n\u00e4chsten Tag erinnerte nur noch\nein kleiner Haufen Kohle (und jede Menge leerer Flaschen) an die gelungene\nNacht.<\/p>\n\n\n\n<p>Im Namen der gesamten Mannschaft vielen Dank an die\nGartenbesitzer!<\/p>\n\n\n\n<p>Wir freuen uns schon auf die n\u00e4chste Party, dann hoffentlich ohne Corona-Regeln, damit man sich noch n\u00e4her kommen kann.<\/p>\n\n\n\n<figure class=\"wp-block-video\"><video controls src=\"https:\/\/www.handball-ulm.de\/wp-content\/uploads\/2020\/08\/WhatsApp-Video-2020-07-04-at-00.49.01.mp4\"><\/video><\/figure>\n","protected":false},"excerpt":{"rendered":"<p>Wie es der Lauf der Zeit so m\u00f6chte, werden wir alle nicht j\u00fcnger. Jahr f\u00fcr Jahr altern wir und so mussten in den letzten Jahren einige Spieler der Herren 1 die Mannschaft aus altersbedingten Gr\u00fcnden verlassen. Sei es, dass die Familie gewachsen ist, der K\u00f6rper aufgrund verschiedenster Gebrechen nicht mehr mitmacht oder einfach, weil \u201eMann\u201c [&hellip;]<\/p>\n<br\/><br\/><a class=\"read-more\" href=\"https:\/\/www.handball-ulm.de\/?p=4006\"> Mehr lesen...<\/a>","protected":false},"author":10,"featured_media":4026,"comment_status":"closed","ping_status":"closed","sticky":false,"template":"","format":"standard","meta":{"ngg_post_thumbnail":0,"footnotes":""},"categories":[1,70,11,63],"tags":[],"_links":{"self":[{"href":"https:\/\/www.handball-ulm.de\/index.php?rest_route=\/wp\/v2\/posts\/4006"}],"collection":[{"href":"https:\/\/www.handball-ulm.de\/index.php?rest_route=\/wp\/v2\/posts"}],"about":[{"href":"https:\/\/www.handball-ulm.de\/index.php?rest_route=\/wp\/v2\/types\/post"}],"author":[{"embeddable":true,"href":"https:\/\/www.handball-ulm.de\/index.php?rest_route=\/wp\/v2\/users\/10"}],"replies":[{"embeddable":true,"href":"https:\/\/www.handball-ulm.de\/index.php?rest_route=%2Fwp%2Fv2%2Fcomments&post=4006"}],"version-history":[{"count":5,"href":"https:\/\/www.handball-ulm.de\/index.php?rest_route=\/wp\/v2\/posts\/4006\/revisions"}],"predecessor-version":[{"id":4028,"href":"https:\/\/www.handball-ulm.de\/index.php?rest_route=\/wp\/v2\/posts\/4006\/revisions\/4028"}],"wp:featuredmedia":[{"embeddable":true,"href":"https:\/\/www.handball-ulm.de\/index.php?rest_route=\/wp\/v2\/media\/4026"}],"wp:attachment":[{"href":"https:\/\/www.handball-ulm.de\/index.php?rest_route=%2Fwp%2Fv2%2Fmedia&parent=4006"}],"wp:term":[{"taxonomy":"category","embeddable":true,"href":"https:\/\/www.handball-ulm.de\/index.php?rest_route=%2Fwp%2Fv2%2Fcategories&post=4006"},{"taxonomy":"post_tag","embeddable":true,"href":"https:\/\/www.handball-ulm.de\/index.php?rest_route=%2Fwp%2Fv2%2Ftags&post=4006"}],"curies":[{"name":"wp","href":"https:\/\/api.w.org\/{rel}","templated":true}]}}