{"id":3973,"date":"2020-07-24T19:46:00","date_gmt":"2020-07-24T17:46:00","guid":{"rendered":"https:\/\/www.handball-ulm.de\/?p=3973"},"modified":"2020-08-05T19:50:02","modified_gmt":"2020-08-05T17:50:02","slug":"vom-minihandball-zum-aktiven-handball","status":"publish","type":"post","link":"https:\/\/www.handball-ulm.de\/?p=3973","title":{"rendered":"Vom Minihandball zum Aktiven-Handball"},"content":{"rendered":"\n<figure class=\"wp-block-image size-large\"><img loading=\"lazy\" decoding=\"async\" width=\"1024\" height=\"571\" src=\"https:\/\/www.handball-ulm.de\/wp-content\/uploads\/2020\/08\/2020_03_von_klein_zu_gro\u00df-1024x571.jpg\" alt=\"\" class=\"wp-image-3974\" srcset=\"https:\/\/www.handball-ulm.de\/wp-content\/uploads\/2020\/08\/2020_03_von_klein_zu_gro\u00df-1024x571.jpg 1024w, https:\/\/www.handball-ulm.de\/wp-content\/uploads\/2020\/08\/2020_03_von_klein_zu_gro\u00df-300x167.jpg 300w, https:\/\/www.handball-ulm.de\/wp-content\/uploads\/2020\/08\/2020_03_von_klein_zu_gro\u00df-768x428.jpg 768w, https:\/\/www.handball-ulm.de\/wp-content\/uploads\/2020\/08\/2020_03_von_klein_zu_gro\u00df-1536x856.jpg 1536w, https:\/\/www.handball-ulm.de\/wp-content\/uploads\/2020\/08\/2020_03_von_klein_zu_gro\u00df-1170x652.jpg 1170w, https:\/\/www.handball-ulm.de\/wp-content\/uploads\/2020\/08\/2020_03_von_klein_zu_gro\u00df.jpg 1600w\" sizes=\"(max-width: 1024px) 100vw, 1024px\" \/><\/figure>\n\n\n\n<p>In der Saison 1984\/1985 begann ich selbst bei\nden Minis. In meiner Jugendzeit haben mich viele verschiedene Trainer gepr\u00e4gt.\nVor allem Margarete Schrapp, die immer wieder meine Mannschaft als Trainerin \u00fcbernahm.\n<\/p>\n\n\n\n<p>Als 1994 -1997 Hilfe bei den Minis gebraucht\nwurde, war ich als Jugendliche zun\u00e4chst Co-Trainerin und sp\u00e4ter Trainerin. Mir\nhat der Kinderhandball immer viel Spa\u00df gemacht, allerdings lie\u00df sich das Training\nlangfristig nicht mehr mit meinem ausw\u00e4rtigen Studium vereinbaren. Das eigene Mannschaftspiel\nund -training waren schon schwierig mit den Pr\u00e4senzzeiten an der Uni zu\nkoordinieren. Nach meinem Abschluss konzentrierte ich mich zun\u00e4chst auf mein\neigenes Handballspiel bei den Aktiven und wollte auch beruflich Fu\u00df fassen.<\/p>\n\n\n\n<p>Als meine \u00e4lteste Tochter in der Saison bei\neinem meiner Spiele auf die Idee kam, selbst Handball spielen zu wollen und zur\nSaison 2011\/12 bei den Minis rund um Stefan Fischer startete, zeigte sich auch\nhier Unterst\u00fctzungsbedarf, so dass ich kurzerhand als Co-Trainerin einstieg. Bis\nzum vorzeitigen Saisonende 2020 war ich Trainerin der Minis und der F-Jugend\nund kann mit Stolz sagen, dass viele Kinder, die wir in der Altersklasse 5-8\nJahre f\u00fcr den Handball begeistern konnten, immer noch dabei sind. Bei zwei\nFamilien habe ich sogar alle 3 bzw. 4 Kinder der Familie trainiert und auch\nmeine eigenen M\u00e4dels fingen bei Mama mit Handball an und teilen meine\nLeidenschaft. Viele Erfolge konnten wir mit den Kindern in dieser Zeit feiern,\nu.a. das Einlaufen bei den Rhein-Neckar-L\u00f6wen, den 2. Platz auf dem Turnier in\nBrenz und im Folgejahr sogar den Turniersieg. Ich denke, ich kann f\u00fcr alle\nBeteiligten sagen, dass die Sommerturniere, bei denen die Kinder zum Abschluss\ndie Trainer mit Wasserpistolen nassspritzen und der traditionelle\nSaisonabschluss im SSV-Bad Highlights darstellen, die keiner so schnell\nvergessen wird.<\/p>\n\n\n\n<p>Leider konnte ich mich durch die Corona-Zwangspause\nnicht bei allen Kindern pers\u00f6nlich verabschieden, aber alle erhielten noch ein\nkleines Abschiedsgeschenk mit einer Erinnerung an die gemeinsame Zeit und\npers\u00f6nlichen Zeilen, die sie ermutigen sollen, weiter am Ball zu bleiben.<\/p>\n\n\n\n<p>Ein ganz besonderer Abschluss bei der F-Jugend\nf\u00fcr mich pers\u00f6nlich war der Spieltag in eigener Halle in diesem Jahr, bei dem die\nJungs, die ich selbst vor einigen Jahren als Minis trainiert habe und nun schon\nin der B-Jugend spielen, selbst soziales Engagement beweisen und die Spiele der\naktuellen F-Jugend und Minis als Schiedsrichter leiteten. Ich freue mich, dass\nwir mit dem Vorleben, was Vereinsleben ausmacht, nun auch den Nachwuchs f\u00fcrs\nEhrenamt begeistern k\u00f6nnen.<\/p>\n\n\n\n<p>Mit der Saison 2019\/2020 habe ich selbst nach\netwas \u00fcber 34 Jahren meine aktive Laufbahn beendet und die Frauen II als\nTrainerin \u00fcbernommen. Was zun\u00e4chst als Not- und \u00dcbergangsl\u00f6sung gedacht war,\nm\u00fcndet nun in eine zweite Saison, die hoffentlich wie geplant Mitte Oktober\nstarten kann. Parallel zwei Mannschaften zu betreuen, war neben beruflichen und\nprivaten Verpflichtungen, nicht immer ganz einfach. Ich m\u00f6chte mich deshalb auch\nganz besonders bei meinen Co-Trainerinnen in den jeweiligen Mannschaften \u2013&nbsp; Sabine Bodmer (F-Jugend), Alexandra Vogel\n(Co-Trainer Frauen II) und Susie Kr\u00e4uter (Torwarttrainer Frauen II) &#8211; bedanken\nf\u00fcr ihren R\u00fcckhalt. Ich freue mich, dass mit Timo Frank in der F-Jugend ein\nCo-Trainer f\u00fcr Sabine Bodmer gefunden wurde. Ich w\u00fcnsche den Beiden viel Erfolg\nund viel Freude mit ihrer Mannschaft!<\/p>\n\n\n\n<p>Der Wechsel von der F-Jugend zu den Aktiven gestaltete\nsich als komplikationslos. &nbsp;Die\nUnterschiede liegen selbstverst\u00e4ndlich im Spielverst\u00e4ndnis und den technischen\nund koordinativen Fertigkeiten sowie im Zusammenspiel. Auch hier durfte ich\ndidaktisch noch hinzulernen, besuchte Fortbildungen und bin nun auch der\nFachliteratur kundig. Die Gemeinsamkeiten \u2013 der Mannschaftszusammenhalt und das\nVertreten von sozialen Werten, sowie die St\u00e4rkung des Selbstbewusstseins und der\nUmgang mit Niederlagen und Unstimmigkeiten, sind jedoch Gemeinsamkeiten in\nallen Altersklassen.<\/p>\n\n\n\n<p>Ich m\u00f6chte mich in diesem Rahmen f\u00fcr die Unterst\u00fctzung\nder Eltern und ihr Vertrauen in mich und meine Trainerkollegen der SG Ulm &amp;\nWiblingen in den vergangenen Jahren bedanken und werde gespannt und voller\nStolz die weitere Entwicklung der Kinder verfolgen. Der Abteilung w\u00fcnsche ich,\ndass trotz der wachsenden Gr\u00f6\u00dfe der famili\u00e4re Gedanke erhalten bleibt und mit\nErfolgen belohnt wird.<\/p>\n\n\n\n<p>Graziella H\u00e4u\u00dfler<\/p>\n\n\n\n<figure class=\"wp-block-image size-large\"><img loading=\"lazy\" decoding=\"async\" width=\"1024\" height=\"678\" src=\"https:\/\/www.handball-ulm.de\/wp-content\/uploads\/2020\/08\/2020_03_von_klein_zu_gro\u00df3.jpg\" alt=\"\" class=\"wp-image-3975\" srcset=\"https:\/\/www.handball-ulm.de\/wp-content\/uploads\/2020\/08\/2020_03_von_klein_zu_gro\u00df3.jpg 1024w, https:\/\/www.handball-ulm.de\/wp-content\/uploads\/2020\/08\/2020_03_von_klein_zu_gro\u00df3-300x199.jpg 300w, https:\/\/www.handball-ulm.de\/wp-content\/uploads\/2020\/08\/2020_03_von_klein_zu_gro\u00df3-768x509.jpg 768w\" sizes=\"(max-width: 1024px) 100vw, 1024px\" \/><\/figure>\n","protected":false},"excerpt":{"rendered":"<p>In der Saison 1984\/1985 begann ich selbst bei den Minis. In meiner Jugendzeit haben mich viele verschiedene Trainer gepr\u00e4gt. Vor allem Margarete Schrapp, die immer wieder meine Mannschaft als Trainerin \u00fcbernahm. Als 1994 -1997 Hilfe bei den Minis gebraucht wurde, war ich als Jugendliche zun\u00e4chst Co-Trainerin und sp\u00e4ter Trainerin. Mir hat der Kinderhandball immer viel [&hellip;]<\/p>\n<br\/><br\/><a class=\"read-more\" href=\"https:\/\/www.handball-ulm.de\/?p=3973\"> Mehr lesen...<\/a>","protected":false},"author":10,"featured_media":3976,"comment_status":"closed","ping_status":"closed","sticky":false,"template":"","format":"standard","meta":{"ngg_post_thumbnail":0,"footnotes":""},"categories":[70,14,63],"tags":[],"_links":{"self":[{"href":"https:\/\/www.handball-ulm.de\/index.php?rest_route=\/wp\/v2\/posts\/3973"}],"collection":[{"href":"https:\/\/www.handball-ulm.de\/index.php?rest_route=\/wp\/v2\/posts"}],"about":[{"href":"https:\/\/www.handball-ulm.de\/index.php?rest_route=\/wp\/v2\/types\/post"}],"author":[{"embeddable":true,"href":"https:\/\/www.handball-ulm.de\/index.php?rest_route=\/wp\/v2\/users\/10"}],"replies":[{"embeddable":true,"href":"https:\/\/www.handball-ulm.de\/index.php?rest_route=%2Fwp%2Fv2%2Fcomments&post=3973"}],"version-history":[{"count":1,"href":"https:\/\/www.handball-ulm.de\/index.php?rest_route=\/wp\/v2\/posts\/3973\/revisions"}],"predecessor-version":[{"id":3977,"href":"https:\/\/www.handball-ulm.de\/index.php?rest_route=\/wp\/v2\/posts\/3973\/revisions\/3977"}],"wp:featuredmedia":[{"embeddable":true,"href":"https:\/\/www.handball-ulm.de\/index.php?rest_route=\/wp\/v2\/media\/3976"}],"wp:attachment":[{"href":"https:\/\/www.handball-ulm.de\/index.php?rest_route=%2Fwp%2Fv2%2Fmedia&parent=3973"}],"wp:term":[{"taxonomy":"category","embeddable":true,"href":"https:\/\/www.handball-ulm.de\/index.php?rest_route=%2Fwp%2Fv2%2Fcategories&post=3973"},{"taxonomy":"post_tag","embeddable":true,"href":"https:\/\/www.handball-ulm.de\/index.php?rest_route=%2Fwp%2Fv2%2Ftags&post=3973"}],"curies":[{"name":"wp","href":"https:\/\/api.w.org\/{rel}","templated":true}]}}