{"id":3969,"date":"2020-07-25T19:44:00","date_gmt":"2020-07-25T17:44:00","guid":{"rendered":"https:\/\/www.handball-ulm.de\/?p=3969"},"modified":"2020-08-08T11:05:46","modified_gmt":"2020-08-08T09:05:46","slug":"handball-corona-und-die-maennliche-a-jugend","status":"publish","type":"post","link":"https:\/\/www.handball-ulm.de\/?p=3969","title":{"rendered":"Handball, Corona und die m\u00e4nnliche A-Jugend"},"content":{"rendered":"\n<figure class=\"wp-block-image size-large\"><img loading=\"lazy\" decoding=\"async\" width=\"332\" height=\"346\" src=\"https:\/\/www.handball-ulm.de\/wp-content\/uploads\/2020\/08\/2020_03_m\u00e4nnliche_A-Jugend.jpg\" alt=\"\" class=\"wp-image-3970\" srcset=\"https:\/\/www.handball-ulm.de\/wp-content\/uploads\/2020\/08\/2020_03_m\u00e4nnliche_A-Jugend.jpg 332w, https:\/\/www.handball-ulm.de\/wp-content\/uploads\/2020\/08\/2020_03_m\u00e4nnliche_A-Jugend-288x300.jpg 288w\" sizes=\"(max-width: 332px) 100vw, 332px\" \/><\/figure>\n\n\n\n<p>Am 18. Mai war es so weit. Nach \u00fcber zwei Monaten\nin Isolation durften wir wieder mit dem Handballtraining starten. Dies war\naufgrund der Corona-Verordnungen nur in Kleingruppen und Mindestabstand\numsetzbar. Das war ein Schlag. <\/p>\n\n\n\n<p>W\u00e4hrend sich die einen auf das gemeinsame\nTraining freuten, hatten andere Bedenken, was das \u201ehalbe Training\u201c und dann\nauch noch drau\u00dfen betraf. Doch gl\u00fccklicherweise k\u00f6nnten diese Bedenken schnell zur\nSeite geschoben werden, um sich wieder auf das Wesentliche zu konzentrieren.<\/p>\n\n\n\n<p>Obwohl zwei Monate auf dem Blatt nicht viel\nerscheinen, hat sich in dieser Zeit einiges getan. Die Haare waren l\u00e4nger, die\nB\u00e4uche runder und unsere allgemeinen handballerischen F\u00e4higkeiten schienen sich,\nvon uns verabschiedet zu haben. Unsere Trainer mussten sich mit den einfachsten\nGrundlagen wie Wurf- und Abwehrhaltung befassen. Gl\u00fccklicherweise kamen uns\ndiese Dinge schnell wieder in den Sinn, so dass wir uns mit Weiterentwicklung\nstatt Grundlagen\u00fcbungen befassen konnten.<\/p>\n\n\n\n<p>Der 1. Juli war ein geradezu magischer Tag.\nNicht nur, dass wir wieder in den Hallen trainieren d\u00fcrfen, nein wir d\u00fcrfen\nauch wieder richtig zupacken und um eine Wiederaufnahme des Spieltriebes wird\nsich auch schon gek\u00fcmmert. <\/p>\n\n\n\n<p>Die Wiederer\u00f6ffnung der Hallen mussten wir\ndirekt ausnutzen. Kaum hatten wir einen Schritt in die Halle getan, nahmen wir\nerst einmal eine gro\u00dfe Nase gummierten Hallenduftes. Ach wie sch\u00f6n.<\/p>\n\n\n\n<p>Auch, wenn der K\u00f6rperkontakt wieder offiziell genehmigt\nwar, haben wir uns vorerst mit Kraft\u00fcbungen zufriedengeben m\u00fcssen. <\/p>\n\n\n\n<p>Auch, wenn dies anfangs einen eher negativen Schleier\nmit sich zog, so wussten wir, dass wir dieses Krafttraining bitter n\u00f6tig haben.<\/p>\n\n\n\n<p>In den darauffolgenden Trainingseinheiten standen\nvor allem Sprint und Abwehr auf dem Plan, aber auch Pass\u00fcbungen kamen bei\nweitem nicht zu kurz. So mussten wir aufgrund unserer Fehlerquote einiges an\nLiegest\u00fctzen pumpen. Noch Stunden sp\u00e4ter sp\u00fcrten wir unsere Arme nicht. Es ist\neinfach toll, wieder in der Gemeinschaft zu schwitzen, zu quatschen, die\nFreunde zu treffen.<\/p>\n\n\n\n<p>Alles in allem freuen wir uns und hoffen auf\neine Saison, in der wir unsere Gegner bezwingen und unseren Verein anfeuern\nk\u00f6nnen und hoffen, dass alle gesund bleiben, damit es zu keinem neuen Lockdown\nkommt.<\/p>\n\n\n\n<p>Johannes Miller, Sebastian Kungl und Florian H\u00e4rtel<\/p>\n\n\n\n<figure class=\"wp-block-image size-large\"><img loading=\"lazy\" decoding=\"async\" width=\"210\" height=\"247\" src=\"https:\/\/www.handball-ulm.de\/wp-content\/uploads\/2020\/08\/2020_03_m\u00e4nnliche_A-Jugend2.jpg\" alt=\"\" class=\"wp-image-3971\"\/><\/figure>\n","protected":false},"excerpt":{"rendered":"<p>Am 18. Mai war es so weit. Nach \u00fcber zwei Monaten in Isolation durften wir wieder mit dem Handballtraining starten. Dies war aufgrund der Corona-Verordnungen nur in Kleingruppen und Mindestabstand umsetzbar. Das war ein Schlag. W\u00e4hrend sich die einen auf das gemeinsame Training freuten, hatten andere Bedenken, was das \u201ehalbe Training\u201c und dann auch noch [&hellip;]<\/p>\n<br\/><br\/><a class=\"read-more\" href=\"https:\/\/www.handball-ulm.de\/?p=3969\"> Mehr lesen...<\/a>","protected":false},"author":10,"featured_media":3995,"comment_status":"closed","ping_status":"closed","sticky":false,"template":"","format":"standard","meta":{"ngg_post_thumbnail":0,"footnotes":""},"categories":[70,15,63],"tags":[],"_links":{"self":[{"href":"https:\/\/www.handball-ulm.de\/index.php?rest_route=\/wp\/v2\/posts\/3969"}],"collection":[{"href":"https:\/\/www.handball-ulm.de\/index.php?rest_route=\/wp\/v2\/posts"}],"about":[{"href":"https:\/\/www.handball-ulm.de\/index.php?rest_route=\/wp\/v2\/types\/post"}],"author":[{"embeddable":true,"href":"https:\/\/www.handball-ulm.de\/index.php?rest_route=\/wp\/v2\/users\/10"}],"replies":[{"embeddable":true,"href":"https:\/\/www.handball-ulm.de\/index.php?rest_route=%2Fwp%2Fv2%2Fcomments&post=3969"}],"version-history":[{"count":1,"href":"https:\/\/www.handball-ulm.de\/index.php?rest_route=\/wp\/v2\/posts\/3969\/revisions"}],"predecessor-version":[{"id":3972,"href":"https:\/\/www.handball-ulm.de\/index.php?rest_route=\/wp\/v2\/posts\/3969\/revisions\/3972"}],"wp:featuredmedia":[{"embeddable":true,"href":"https:\/\/www.handball-ulm.de\/index.php?rest_route=\/wp\/v2\/media\/3995"}],"wp:attachment":[{"href":"https:\/\/www.handball-ulm.de\/index.php?rest_route=%2Fwp%2Fv2%2Fmedia&parent=3969"}],"wp:term":[{"taxonomy":"category","embeddable":true,"href":"https:\/\/www.handball-ulm.de\/index.php?rest_route=%2Fwp%2Fv2%2Fcategories&post=3969"},{"taxonomy":"post_tag","embeddable":true,"href":"https:\/\/www.handball-ulm.de\/index.php?rest_route=%2Fwp%2Fv2%2Ftags&post=3969"}],"curies":[{"name":"wp","href":"https:\/\/api.w.org\/{rel}","templated":true}]}}