{"id":3746,"date":"2020-05-03T06:44:00","date_gmt":"2020-05-03T04:44:00","guid":{"rendered":"https:\/\/www.handball-ulm.de\/?p=3746"},"modified":"2020-05-08T08:08:07","modified_gmt":"2020-05-08T06:08:07","slug":"tag-50-schon-die-kleinsten-machen-mit","status":"publish","type":"post","link":"https:\/\/www.handball-ulm.de\/?p=3746","title":{"rendered":"Tag 50 &#8211; Schon die Kleinsten machen mit"},"content":{"rendered":"\n<h2 class=\"wp-block-heading\">Haargummi oder Ball<\/h2>\n\n\n\n<figure class=\"wp-block-image size-large\"><img loading=\"lazy\" decoding=\"async\" width=\"640\" height=\"352\" src=\"https:\/\/www.handball-ulm.de\/wp-content\/uploads\/2020\/05\/Kleinsten_Moment.jpg\" alt=\"\" class=\"wp-image-3748\" srcset=\"https:\/\/www.handball-ulm.de\/wp-content\/uploads\/2020\/05\/Kleinsten_Moment.jpg 640w, https:\/\/www.handball-ulm.de\/wp-content\/uploads\/2020\/05\/Kleinsten_Moment-300x165.jpg 300w\" sizes=\"(max-width: 640px) 100vw, 640px\" \/><\/figure>\n\n\n\n<p>Ehmi soll doch tats\u00e4chlich die Entscheidung treffen, ob der Weg zum Haargummi oder zum Ball f\u00fchrt. <\/p>\n\n\n\n<p>Dabei ist diese Frage eigentlich keine Frage, denn die Antwort liegt auf der Hand. Ball!<\/p>\n\n\n\n<p>Bei diesem Workout st\u00e4rkt Ehmi hervorragend ihre Rumpfmuskulatur.<\/p>\n\n\n\n<figure class=\"wp-block-video\"><video controls src=\"https:\/\/www.handball-ulm.de\/wp-content\/uploads\/2020\/05\/Kleinsten.mp4\"><\/video><\/figure>\n","protected":false},"excerpt":{"rendered":"<p>Haargummi oder Ball Ehmi soll doch tats\u00e4chlich die Entscheidung treffen, ob der Weg zum Haargummi oder zum Ball f\u00fchrt. Dabei ist diese Frage eigentlich keine Frage, denn die Antwort liegt auf der Hand. Ball! Bei diesem Workout st\u00e4rkt Ehmi hervorragend ihre Rumpfmuskulatur.<\/p>\n<br\/><br\/><a class=\"read-more\" href=\"https:\/\/www.handball-ulm.de\/?p=3746\"> Mehr lesen...<\/a>","protected":false},"author":10,"featured_media":3748,"comment_status":"closed","ping_status":"closed","sticky":false,"template":"","format":"standard","meta":{"ngg_post_thumbnail":0,"footnotes":""},"categories":[31],"tags":[],"_links":{"self":[{"href":"https:\/\/www.handball-ulm.de\/index.php?rest_route=\/wp\/v2\/posts\/3746"}],"collection":[{"href":"https:\/\/www.handball-ulm.de\/index.php?rest_route=\/wp\/v2\/posts"}],"about":[{"href":"https:\/\/www.handball-ulm.de\/index.php?rest_route=\/wp\/v2\/types\/post"}],"author":[{"embeddable":true,"href":"https:\/\/www.handball-ulm.de\/index.php?rest_route=\/wp\/v2\/users\/10"}],"replies":[{"embeddable":true,"href":"https:\/\/www.handball-ulm.de\/index.php?rest_route=%2Fwp%2Fv2%2Fcomments&post=3746"}],"version-history":[{"count":2,"href":"https:\/\/www.handball-ulm.de\/index.php?rest_route=\/wp\/v2\/posts\/3746\/revisions"}],"predecessor-version":[{"id":3750,"href":"https:\/\/www.handball-ulm.de\/index.php?rest_route=\/wp\/v2\/posts\/3746\/revisions\/3750"}],"wp:featuredmedia":[{"embeddable":true,"href":"https:\/\/www.handball-ulm.de\/index.php?rest_route=\/wp\/v2\/media\/3748"}],"wp:attachment":[{"href":"https:\/\/www.handball-ulm.de\/index.php?rest_route=%2Fwp%2Fv2%2Fmedia&parent=3746"}],"wp:term":[{"taxonomy":"category","embeddable":true,"href":"https:\/\/www.handball-ulm.de\/index.php?rest_route=%2Fwp%2Fv2%2Fcategories&post=3746"},{"taxonomy":"post_tag","embeddable":true,"href":"https:\/\/www.handball-ulm.de\/index.php?rest_route=%2Fwp%2Fv2%2Ftags&post=3746"}],"curies":[{"name":"wp","href":"https:\/\/api.w.org\/{rel}","templated":true}]}}