{"id":3634,"date":"2020-05-01T09:59:21","date_gmt":"2020-05-01T07:59:21","guid":{"rendered":"https:\/\/www.handball-ulm.de\/?p=3634"},"modified":"2020-05-02T09:56:47","modified_gmt":"2020-05-02T07:56:47","slug":"tag-48-der-miller-an-der-iller","status":"publish","type":"post","link":"https:\/\/www.handball-ulm.de\/?p=3634","title":{"rendered":"Tag 48 &#8211; Der Miller an der Iller"},"content":{"rendered":"\n<figure class=\"wp-block-image size-large\"><img loading=\"lazy\" decoding=\"async\" width=\"702\" height=\"783\" src=\"https:\/\/www.handball-ulm.de\/wp-content\/uploads\/2020\/05\/Miller_Moment.jpg\" alt=\"\" class=\"wp-image-3637\" srcset=\"https:\/\/www.handball-ulm.de\/wp-content\/uploads\/2020\/05\/Miller_Moment.jpg 702w, https:\/\/www.handball-ulm.de\/wp-content\/uploads\/2020\/05\/Miller_Moment-269x300.jpg 269w\" sizes=\"(max-width: 702px) 100vw, 702px\" \/><\/figure>\n\n\n\n<p> Tats\u00e4chlich halten sich auch die Spieler unserer ersten Herrenmannschaft fit f\u00fcr den Tag X, an dem wir endlich wieder an unser geliebtes Leder d\u00fcrfen.<\/p>\n\n\n\n<p>So lief Steffen ca. 10 km in etwa 54 min an der Iller in Wiblingen entlang. Seine Freundin forderte ein hohes Tempo. \ud83d\ude09<\/p>\n\n\n\n<figure class=\"wp-block-video\"><video controls src=\"https:\/\/www.handball-ulm.de\/wp-content\/uploads\/2020\/05\/Miller.mp4\"><\/video><\/figure>\n\n\n\n<p><\/p>\n","protected":false},"excerpt":{"rendered":"<p>Tats\u00e4chlich halten sich auch die Spieler unserer ersten Herrenmannschaft fit f\u00fcr den Tag X, an dem wir endlich wieder an unser geliebtes Leder d\u00fcrfen. So lief Steffen ca. 10 km in etwa 54 min an der Iller in Wiblingen entlang. Seine Freundin forderte ein hohes Tempo. \ud83d\ude09<\/p>\n<br\/><br\/><a class=\"read-more\" href=\"https:\/\/www.handball-ulm.de\/?p=3634\"> Mehr lesen...<\/a>","protected":false},"author":10,"featured_media":3638,"comment_status":"closed","ping_status":"closed","sticky":false,"template":"","format":"standard","meta":{"ngg_post_thumbnail":0,"footnotes":""},"categories":[11],"tags":[],"_links":{"self":[{"href":"https:\/\/www.handball-ulm.de\/index.php?rest_route=\/wp\/v2\/posts\/3634"}],"collection":[{"href":"https:\/\/www.handball-ulm.de\/index.php?rest_route=\/wp\/v2\/posts"}],"about":[{"href":"https:\/\/www.handball-ulm.de\/index.php?rest_route=\/wp\/v2\/types\/post"}],"author":[{"embeddable":true,"href":"https:\/\/www.handball-ulm.de\/index.php?rest_route=\/wp\/v2\/users\/10"}],"replies":[{"embeddable":true,"href":"https:\/\/www.handball-ulm.de\/index.php?rest_route=%2Fwp%2Fv2%2Fcomments&post=3634"}],"version-history":[{"count":1,"href":"https:\/\/www.handball-ulm.de\/index.php?rest_route=\/wp\/v2\/posts\/3634\/revisions"}],"predecessor-version":[{"id":3639,"href":"https:\/\/www.handball-ulm.de\/index.php?rest_route=\/wp\/v2\/posts\/3634\/revisions\/3639"}],"wp:featuredmedia":[{"embeddable":true,"href":"https:\/\/www.handball-ulm.de\/index.php?rest_route=\/wp\/v2\/media\/3638"}],"wp:attachment":[{"href":"https:\/\/www.handball-ulm.de\/index.php?rest_route=%2Fwp%2Fv2%2Fmedia&parent=3634"}],"wp:term":[{"taxonomy":"category","embeddable":true,"href":"https:\/\/www.handball-ulm.de\/index.php?rest_route=%2Fwp%2Fv2%2Fcategories&post=3634"},{"taxonomy":"post_tag","embeddable":true,"href":"https:\/\/www.handball-ulm.de\/index.php?rest_route=%2Fwp%2Fv2%2Ftags&post=3634"}],"curies":[{"name":"wp","href":"https:\/\/api.w.org\/{rel}","templated":true}]}}