{"id":3623,"date":"2020-04-30T06:10:00","date_gmt":"2020-04-30T04:10:00","guid":{"rendered":"https:\/\/www.handball-ulm.de\/?p=3623"},"modified":"2020-05-01T10:02:19","modified_gmt":"2020-05-01T08:02:19","slug":"tag-47","status":"publish","type":"post","link":"https:\/\/www.handball-ulm.de\/?p=3623","title":{"rendered":"Tag 47 &#8211; Running"},"content":{"rendered":"\n<h2 class=\"wp-block-heading\">Michi unterwegs<\/h2>\n\n\n\n<p>Auf dem Feldweg von Wiblingen nach Illerkirchberg l\u00e4uft unser Adler Michi in die Sonne. Regelm\u00e4\u00dfig ist er unterwegs und h\u00e4lt sich fit \u00fcber die Zeit, bis wir endlich wieder ans Leder d\u00fcrfen.<\/p>\n\n\n\n<figure class=\"wp-block-video\"><video controls src=\"https:\/\/www.handball-ulm.de\/wp-content\/uploads\/2020\/04\/MIchi.mp4\"><\/video><\/figure>\n","protected":false},"excerpt":{"rendered":"<p>Michi unterwegs Auf dem Feldweg von Wiblingen nach Illerkirchberg l\u00e4uft unser Adler Michi in die Sonne. Regelm\u00e4\u00dfig ist er unterwegs und h\u00e4lt sich fit \u00fcber die Zeit, bis wir endlich wieder ans Leder d\u00fcrfen.<\/p>\n<br\/><br\/><a class=\"read-more\" href=\"https:\/\/www.handball-ulm.de\/?p=3623\"> Mehr lesen...<\/a>","protected":false},"author":10,"featured_media":3631,"comment_status":"closed","ping_status":"closed","sticky":false,"template":"","format":"standard","meta":{"ngg_post_thumbnail":0,"footnotes":""},"categories":[15],"tags":[],"_links":{"self":[{"href":"https:\/\/www.handball-ulm.de\/index.php?rest_route=\/wp\/v2\/posts\/3623"}],"collection":[{"href":"https:\/\/www.handball-ulm.de\/index.php?rest_route=\/wp\/v2\/posts"}],"about":[{"href":"https:\/\/www.handball-ulm.de\/index.php?rest_route=\/wp\/v2\/types\/post"}],"author":[{"embeddable":true,"href":"https:\/\/www.handball-ulm.de\/index.php?rest_route=\/wp\/v2\/users\/10"}],"replies":[{"embeddable":true,"href":"https:\/\/www.handball-ulm.de\/index.php?rest_route=%2Fwp%2Fv2%2Fcomments&post=3623"}],"version-history":[{"count":2,"href":"https:\/\/www.handball-ulm.de\/index.php?rest_route=\/wp\/v2\/posts\/3623\/revisions"}],"predecessor-version":[{"id":3633,"href":"https:\/\/www.handball-ulm.de\/index.php?rest_route=\/wp\/v2\/posts\/3623\/revisions\/3633"}],"wp:featuredmedia":[{"embeddable":true,"href":"https:\/\/www.handball-ulm.de\/index.php?rest_route=\/wp\/v2\/media\/3631"}],"wp:attachment":[{"href":"https:\/\/www.handball-ulm.de\/index.php?rest_route=%2Fwp%2Fv2%2Fmedia&parent=3623"}],"wp:term":[{"taxonomy":"category","embeddable":true,"href":"https:\/\/www.handball-ulm.de\/index.php?rest_route=%2Fwp%2Fv2%2Fcategories&post=3623"},{"taxonomy":"post_tag","embeddable":true,"href":"https:\/\/www.handball-ulm.de\/index.php?rest_route=%2Fwp%2Fv2%2Ftags&post=3623"}],"curies":[{"name":"wp","href":"https:\/\/api.w.org\/{rel}","templated":true}]}}