{"id":3601,"date":"2020-04-25T15:27:00","date_gmt":"2020-04-25T13:27:00","guid":{"rendered":"https:\/\/www.handball-ulm.de\/?p=3601"},"modified":"2020-05-10T19:07:29","modified_gmt":"2020-05-10T17:07:29","slug":"tag-43-56-wann-duerfen-wir-endlich-wieder-in-die-halle","status":"publish","type":"post","link":"https:\/\/www.handball-ulm.de\/?p=3601","title":{"rendered":"Wann d\u00fcrfen wir endlich wieder in die Halle?   Tag 43 &#8211; 56"},"content":{"rendered":"\n<h2 class=\"wp-block-heading\">Tag 43 &#8211; Patta unterwegs<\/h2>\n\n\n\n<figure class=\"wp-block-image size-large\"><img loading=\"lazy\" decoding=\"async\" width=\"1002\" height=\"764\" src=\"https:\/\/www.handball-ulm.de\/wp-content\/uploads\/2020\/04\/Screenshot-39.png\" alt=\"\" class=\"wp-image-3561\" srcset=\"https:\/\/www.handball-ulm.de\/wp-content\/uploads\/2020\/04\/Screenshot-39.png 1002w, https:\/\/www.handball-ulm.de\/wp-content\/uploads\/2020\/04\/Screenshot-39-300x229.png 300w, https:\/\/www.handball-ulm.de\/wp-content\/uploads\/2020\/04\/Screenshot-39-768x586.png 768w\" sizes=\"(max-width: 1002px) 100vw, 1002px\" \/><\/figure>\n\n\n\n<p>Patta von der m\u00e4nnlichen A-Jugend war mit demFahrrad ungef\u00e4hr eine Stunde unterwegs und fuhr von Wiblingen nach Staig. <\/p>\n\n\n\n<p>Da es warm war, kamen sogar ein paar Schwei\u00dftropfen auf seine Stirn.<\/p>\n\n\n\n<figure class=\"wp-block-video\"><video controls src=\"https:\/\/www.handball-ulm.de\/wp-content\/uploads\/2020\/04\/Patrick.mp4\"><\/video><\/figure>\n\n\n\n<h2 class=\"wp-block-heading\">Tag 43 &#8211; Handball forever mit den Eisingers<\/h2>\n\n\n\n<figure class=\"wp-block-image size-large\"><img loading=\"lazy\" decoding=\"async\" width=\"640\" height=\"352\" src=\"https:\/\/www.handball-ulm.de\/wp-content\/uploads\/2020\/04\/Handball-forever_Moment8.jpg\" alt=\"\" class=\"wp-image-3567\" srcset=\"https:\/\/www.handball-ulm.de\/wp-content\/uploads\/2020\/04\/Handball-forever_Moment8.jpg 640w, https:\/\/www.handball-ulm.de\/wp-content\/uploads\/2020\/04\/Handball-forever_Moment8-300x165.jpg 300w\" sizes=\"(max-width: 640px) 100vw, 640px\" \/><\/figure>\n\n\n\n<p>Seht hier das Video dazu:<\/p>\n\n\n\n<figure class=\"wp-block-video\"><video controls src=\"https:\/\/www.handball-ulm.de\/wp-content\/uploads\/2020\/04\/Handball-forever.mp4\"><\/video><\/figure>\n\n\n\n<figure class=\"wp-block-image size-large is-resized\"><img loading=\"lazy\" decoding=\"async\" src=\"https:\/\/www.handball-ulm.de\/wp-content\/uploads\/2020\/04\/Screenshot-42.png\" alt=\"\" class=\"wp-image-3568\" width=\"575\" height=\"416\" srcset=\"https:\/\/www.handball-ulm.de\/wp-content\/uploads\/2020\/04\/Screenshot-42.png 886w, https:\/\/www.handball-ulm.de\/wp-content\/uploads\/2020\/04\/Screenshot-42-300x218.png 300w, https:\/\/www.handball-ulm.de\/wp-content\/uploads\/2020\/04\/Screenshot-42-768x557.png 768w\" sizes=\"(max-width: 575px) 100vw, 575px\" \/><\/figure>\n\n\n\n<figure class=\"wp-block-image size-large\"><img loading=\"lazy\" decoding=\"async\" width=\"640\" height=\"352\" src=\"https:\/\/www.handball-ulm.de\/wp-content\/uploads\/2020\/04\/Handball-forever_Moment5.jpg\" alt=\"\" class=\"wp-image-3569\" srcset=\"https:\/\/www.handball-ulm.de\/wp-content\/uploads\/2020\/04\/Handball-forever_Moment5.jpg 640w, https:\/\/www.handball-ulm.de\/wp-content\/uploads\/2020\/04\/Handball-forever_Moment5-300x165.jpg 300w\" sizes=\"(max-width: 640px) 100vw, 640px\" \/><\/figure>\n\n\n\n<h2 class=\"wp-block-heading\">Tag 44 &#8211; Vierbeinige Handballfreundin<\/h2>\n\n\n\n<figure class=\"wp-block-image size-large\"><img loading=\"lazy\" decoding=\"async\" width=\"767\" height=\"1024\" src=\"https:\/\/www.handball-ulm.de\/wp-content\/uploads\/2020\/04\/Lenas-Hund-767x1024.jpeg\" alt=\"\" class=\"wp-image-3580\" srcset=\"https:\/\/www.handball-ulm.de\/wp-content\/uploads\/2020\/04\/Lenas-Hund-767x1024.jpeg 767w, https:\/\/www.handball-ulm.de\/wp-content\/uploads\/2020\/04\/Lenas-Hund-225x300.jpeg 225w, https:\/\/www.handball-ulm.de\/wp-content\/uploads\/2020\/04\/Lenas-Hund-768x1026.jpeg 768w, https:\/\/www.handball-ulm.de\/wp-content\/uploads\/2020\/04\/Lenas-Hund.jpeg 1078w\" sizes=\"(max-width: 767px) 100vw, 767px\" \/><\/figure>\n\n\n\n<p>Sie hei\u00dft Liv und ist eine ca 1 j\u00e4hrige Australian Shepherd H\u00fcndin und hat genau unsere Vereins Farben. Das war der Grund, dass Lena auf die Idee kam, ihr die Weste anzuziehen.<\/p>\n\n\n\n<p>Liv ist eine brave H\u00fcndin und gehorcht auf`s Wort. Vielleicht nicht auf das erste, aber immerhin.<\/p>\n\n\n\n<p>Wir finden, sie ist eine w\u00fcrdige Vertreterin bei unserer Ation zum Fithalten, denn mit ihr muss Lena jeden Tag andie frische Luft und sich bewegen.<\/p>\n\n\n\n<figure class=\"wp-block-video\"><video controls src=\"https:\/\/www.handball-ulm.de\/wp-content\/uploads\/2020\/05\/Lenas-Hund.mp4\"><\/video><\/figure>\n\n\n\n<h2 class=\"wp-block-heading\">Tag 45 &#8211; Ballk\u00fcnstler so einsam<\/h2>\n\n\n\n<figure class=\"wp-block-image size-large\"><img loading=\"lazy\" decoding=\"async\" width=\"740\" height=\"684\" src=\"https:\/\/www.handball-ulm.de\/wp-content\/uploads\/2020\/04\/Trickw\u00fcrfe_1Moment.jpg\" alt=\"\" class=\"wp-image-3575\" srcset=\"https:\/\/www.handball-ulm.de\/wp-content\/uploads\/2020\/04\/Trickw\u00fcrfe_1Moment.jpg 740w, https:\/\/www.handball-ulm.de\/wp-content\/uploads\/2020\/04\/Trickw\u00fcrfe_1Moment-300x277.jpg 300w\" sizes=\"(max-width: 740px) 100vw, 740px\" \/><\/figure>\n\n\n\n<p>Die Trainer der weiblichen D-Jugend brauchten Beispielvideos f\u00fcr die Online-Hausaufgaben. Johannes von der m\u00e4nnlichen A-Jugend konnte liefern.<\/p>\n\n\n\n<p>Virtuos geht er mit dem Ball um.<\/p>\n\n\n\n<p>Daran k\u00f6nnen sich die M\u00e4dchen ein Beispiel nehmen und flei\u00dfig \u00fcben.<\/p>\n\n\n\n<figure class=\"wp-block-video\"><video controls src=\"https:\/\/www.handball-ulm.de\/wp-content\/uploads\/2020\/05\/Johannes.mp4\"><\/video><\/figure>\n\n\n\n<p>Und hier noch ein wenig Bonusmaterial:<\/p>\n\n\n\n<figure class=\"wp-block-video\"><video controls src=\"https:\/\/www.handball-ulm.de\/wp-content\/uploads\/2020\/04\/Ball-drehen.mp4\"><\/video><\/figure>\n\n\n\n<h1 class=\"wp-block-heading\">Tag 46 \u2013 Seilakrobat Tarik<\/h1>\n\n\n\n<figure class=\"wp-block-image\"><img loading=\"lazy\" decoding=\"async\" width=\"475\" height=\"682\" src=\"https:\/\/www.handball-ulm.de\/wp-content\/uploads\/2020\/04\/Tarik-h\u00fcpft_1Moment.jpg\" alt=\"\" class=\"wp-image-3588\" srcset=\"https:\/\/www.handball-ulm.de\/wp-content\/uploads\/2020\/04\/Tarik-h\u00fcpft_1Moment.jpg 475w, https:\/\/www.handball-ulm.de\/wp-content\/uploads\/2020\/04\/Tarik-h\u00fcpft_1Moment-209x300.jpg 209w\" sizes=\"(max-width: 475px) 100vw, 475px\" \/><\/figure>\n\n\n\n<p><a href=\"https:\/\/kinder.wdr.de\/tv\/die-sendung-mit-der-maus\/av\/video-seilspringen-102.html\">https:\/\/kinder.wdr.de\/tv\/die-sendung-mit-der-maus\/av\/video-seilspringen-102.html<\/a><\/p>\n\n\n\n<p>In der Geschwindigkeit wie die Maus ist unser Tarik  nat\u00fcrlich nicht unterwegs. <\/p>\n\n\n\n<p>Er ist ein perfekter Seilk\u00fcnstler. <\/p>\n\n\n\n<p>Mit beiden Beinen oder abwechselnd mit einem nur. <\/p>\n\n\n\n<p>Die Arme parallel oder \u00fcberkreuzt. Tarik kann alles.<\/p>\n\n\n\n<figure class=\"wp-block-video\"><video controls src=\"https:\/\/www.handball-ulm.de\/wp-content\/uploads\/2020\/04\/Tarik-h\u00fcpft.mp4\"><\/video><\/figure>\n\n\n\n<figure class=\"wp-block-image\"><img loading=\"lazy\" decoding=\"async\" width=\"1024\" height=\"611\" src=\"https:\/\/www.handball-ulm.de\/wp-content\/uploads\/2020\/04\/Screenshot-249-1024x611.png\" alt=\"\" class=\"wp-image-3419\" srcset=\"https:\/\/www.handball-ulm.de\/wp-content\/uploads\/2020\/04\/Screenshot-249-1024x611.png 1024w, https:\/\/www.handball-ulm.de\/wp-content\/uploads\/2020\/04\/Screenshot-249-300x179.png 300w, https:\/\/www.handball-ulm.de\/wp-content\/uploads\/2020\/04\/Screenshot-249-768x459.png 768w, https:\/\/www.handball-ulm.de\/wp-content\/uploads\/2020\/04\/Screenshot-249-1170x699.png 1170w, https:\/\/www.handball-ulm.de\/wp-content\/uploads\/2020\/04\/Screenshot-249.png 1184w\" sizes=\"(max-width: 1024px) 100vw, 1024px\" \/><\/figure>\n\n\n\n<h2 class=\"wp-block-heading\">Tag 47 &#8211; Michi unterwegs<\/h2>\n\n\n\n<p>Auf dem Feldweg von Wiblingen nach Illerkirchberg l\u00e4uft unser A-Jugend-Adler Michi in die Sonne. Regelm\u00e4\u00dfig ist er unterwegs und h\u00e4lt sich fit \u00fcber die Zeit, bis wir endlich wieder in die Halle d\u00fcrfen.<\/p>\n\n\n\n<figure class=\"wp-block-video\"><video controls src=\"https:\/\/www.handball-ulm.de\/wp-content\/uploads\/2020\/04\/MIchi.mp4\"><\/video><\/figure>\n\n\n\n<h2 class=\"wp-block-heading\">Tag 48 &#8211; Miller an der Iller<\/h2>\n\n\n\n<figure class=\"wp-block-image size-large\"><img loading=\"lazy\" decoding=\"async\" width=\"702\" height=\"783\" src=\"https:\/\/www.handball-ulm.de\/wp-content\/uploads\/2020\/05\/Miller_Moment.jpg\" alt=\"\" class=\"wp-image-3637\" srcset=\"https:\/\/www.handball-ulm.de\/wp-content\/uploads\/2020\/05\/Miller_Moment.jpg 702w, https:\/\/www.handball-ulm.de\/wp-content\/uploads\/2020\/05\/Miller_Moment-269x300.jpg 269w\" sizes=\"(max-width: 702px) 100vw, 702px\" \/><\/figure>\n\n\n\n<p> Tats\u00e4chlich halten sich auch die Spieler unserer ersten Herrenmannschaft fit f\u00fcr den Tag X, an dem wir endlich wieder an unser geliebtes Leder d\u00fcrfen.<\/p>\n\n\n\n<p>So lief Steffen ca. 10 km in etwa 54 min an der Iller in Wiblingen entlang. Seine Freundin forderte ein hohes Tempo. \ud83d\ude09<\/p>\n\n\n\n<figure class=\"wp-block-video\"><video controls src=\"https:\/\/www.handball-ulm.de\/wp-content\/uploads\/2020\/05\/Miller.mp4\"><\/video><\/figure>\n\n\n\n<h2 class=\"wp-block-heading\">Tag 49 &#8211; Nach Blaubeuren<\/h2>\n\n\n\n<figure class=\"wp-block-image\"><img loading=\"lazy\" decoding=\"async\" width=\"1024\" height=\"576\" src=\"https:\/\/www.handball-ulm.de\/wp-content\/uploads\/2020\/05\/S\u00f6hne_Mom2ent-1024x576.jpg\" alt=\"\" class=\"wp-image-3738\" srcset=\"https:\/\/www.handball-ulm.de\/wp-content\/uploads\/2020\/05\/S\u00f6hne_Mom2ent-1024x576.jpg 1024w, https:\/\/www.handball-ulm.de\/wp-content\/uploads\/2020\/05\/S\u00f6hne_Mom2ent-300x169.jpg 300w, https:\/\/www.handball-ulm.de\/wp-content\/uploads\/2020\/05\/S\u00f6hne_Mom2ent-768x432.jpg 768w, https:\/\/www.handball-ulm.de\/wp-content\/uploads\/2020\/05\/S\u00f6hne_Mom2ent-1536x864.jpg 1536w, https:\/\/www.handball-ulm.de\/wp-content\/uploads\/2020\/05\/S\u00f6hne_Mom2ent-1170x658.jpg 1170w, https:\/\/www.handball-ulm.de\/wp-content\/uploads\/2020\/05\/S\u00f6hne_Mom2ent.jpg 1920w\" sizes=\"(max-width: 1024px) 100vw, 1024px\" \/><\/figure>\n\n\n\n<p>An den Blautopf soll es gehen bei strahlendem Sonnenschein. Nat\u00fcrlich kommt daf\u00fcr nur das Fahrrad in Frage. <\/p>\n\n\n\n<p>So radeln denn die Br\u00fcder D\u00f6rfler. Bis nach Blaubeuren schaffen sie es ohne Probleme. Dann bremst sie ein platter Reifen.<\/p>\n\n\n\n<p>Ganz im Sinne der \u201eTour de Blaubeure\u201c kommt die Mutter mit dem Ersatzfahrrad.<\/p>\n\n\n\n<p> So k\u00f6nnen sie auch den R\u00fcckweg bew\u00e4ltigen. <\/p>\n\n\n\n<figure class=\"wp-block-video\"><video controls src=\"https:\/\/www.handball-ulm.de\/wp-content\/uploads\/2020\/05\/S\u00f6hne.mp4\"><\/video><\/figure>\n\n\n\n<h2 class=\"wp-block-heading\">Tag 50 &#8211; Schon die Kleinsten machen mit<\/h2>\n\n\n\n<h2 class=\"wp-block-heading\">Haargummi oder Ball<\/h2>\n\n\n\n<figure class=\"wp-block-image\"><img decoding=\"async\" src=\"https:\/\/www.handball-ulm.de\/wp-content\/uploads\/2020\/05\/Kleinsten_Moment.jpg\" alt=\"Dieses Bild hat ein leeres Alt-Attribut. Der Dateiname ist Kleinsten_Moment.jpg\"\/><\/figure>\n\n\n\n<p>Ehmi soll doch tats\u00e4chlich die Entscheidung treffen, ob der Weg zum Haargummi oder zum Ball f\u00fchrt. <\/p>\n\n\n\n<p>Dabei ist diese Frage eigentlich keine Frage, denn die Antwort liegt auf der Hand. Ball!<\/p>\n\n\n\n<p>Bei diesem Workout st\u00e4rkt Ehmi hervorragend ihre Rumpfmuskulatur.<\/p>\n\n\n\n<figure class=\"wp-block-video\"><video controls src=\"https:\/\/www.handball-ulm.de\/wp-content\/uploads\/2020\/05\/Kleinsten.mp4\"><\/video><\/figure>\n\n\n\n<h1 class=\"wp-block-heading\">Tag 51 \u2013 Es dauert einfach viel zu lange<\/h1>\n\n\n\n<figure class=\"wp-block-gallery columns-2 is-cropped wp-block-gallery-1 is-layout-flex wp-block-gallery-is-layout-flex\"><ul class=\"blocks-gallery-grid\"><li class=\"blocks-gallery-item\"><figure><img loading=\"lazy\" decoding=\"async\" width=\"352\" height=\"640\" src=\"https:\/\/www.handball-ulm.de\/wp-content\/uploads\/2020\/05\/Simon_Mome2nt.jpg\" alt=\"\" data-id=\"3793\" data-full-url=\"https:\/\/www.handball-ulm.de\/wp-content\/uploads\/2020\/05\/Simon_Mome2nt.jpg\" data-link=\"https:\/\/www.handball-ulm.de\/?attachment_id=3793\" class=\"wp-image-3793\" srcset=\"https:\/\/www.handball-ulm.de\/wp-content\/uploads\/2020\/05\/Simon_Mome2nt.jpg 352w, https:\/\/www.handball-ulm.de\/wp-content\/uploads\/2020\/05\/Simon_Mome2nt-165x300.jpg 165w\" sizes=\"(max-width: 352px) 100vw, 352px\" \/><\/figure><\/li><li class=\"blocks-gallery-item\"><figure><img loading=\"lazy\" decoding=\"async\" width=\"352\" height=\"640\" src=\"https:\/\/www.handball-ulm.de\/wp-content\/uploads\/2020\/05\/Simon_Moment.jpg\" alt=\"\" data-id=\"3792\" data-full-url=\"https:\/\/www.handball-ulm.de\/wp-content\/uploads\/2020\/05\/Simon_Moment.jpg\" data-link=\"https:\/\/www.handball-ulm.de\/?attachment_id=3792\" class=\"wp-image-3792\" srcset=\"https:\/\/www.handball-ulm.de\/wp-content\/uploads\/2020\/05\/Simon_Moment.jpg 352w, https:\/\/www.handball-ulm.de\/wp-content\/uploads\/2020\/05\/Simon_Moment-165x300.jpg 165w\" sizes=\"(max-width: 352px) 100vw, 352px\" \/><\/figure><\/li><\/ul><\/figure>\n\n\n\n<p>Unser Fotograf Simon macht sein Workout mal einfach mit seiner Tochter.<\/p>\n\n\n\n<p>Als f\u00fcnftes Kind ist Ehmi hart im Nehmen und hat sogar noch Spa\u00df an den \u00dcbungen.<\/p>\n\n\n\n<p>Und die zuschauenden Geschwister nat\u00fcrlich auch.<\/p>\n\n\n\n<figure class=\"wp-block-video\"><video controls src=\"https:\/\/www.handball-ulm.de\/wp-content\/uploads\/2020\/05\/Simon.mp4\"><\/video><\/figure>\n\n\n\n<h1 class=\"wp-block-heading\">Tag 52 \u2013 Naturliebhaber<\/h1>\n\n\n\n<p>Michi Pheng nutzt das Handballverbot und h\u00e4lt sich durch Laufen fit. Am liebsten l\u00e4uft er der Sonne entgegen.<\/p>\n\n\n\n<figure class=\"wp-block-video\"><video controls src=\"https:\/\/www.handball-ulm.de\/wp-content\/uploads\/2020\/05\/Pheng.mp4\"><\/video><\/figure>\n\n\n\n<h1 class=\"wp-block-heading\">Tag 53 \u2013 Luna im Wald<\/h1>\n\n\n\n<p> Luna war mit ihrer Familie unterwegs.  Der Waldparcour ist genau das Richtige f\u00fcr unsere E-Jugendliche. Hier kann Luna Gas geben, klettern, springen und nat\u00fcrlich die obligatorischen Liegest\u00fctze machen. Hier ist Platz genug und der Mindestabstand wird eingehalten.<\/p>\n\n\n\n<figure class=\"wp-block-video\"><video controls src=\"https:\/\/www.handball-ulm.de\/wp-content\/uploads\/2020\/05\/Luna1.mp4\"><\/video><\/figure>\n\n\n\n<h1 class=\"wp-block-heading\">Tag 54 \u2013 Lotte z\u00e4hlt mit<\/h1>\n\n\n\n<figure class=\"wp-block-image\"><img loading=\"lazy\" decoding=\"async\" width=\"640\" height=\"352\" src=\"https:\/\/www.handball-ulm.de\/wp-content\/uploads\/2020\/05\/Lotte-drinnen_Moment.jpg\" alt=\"\" class=\"wp-image-3815\" srcset=\"https:\/\/www.handball-ulm.de\/wp-content\/uploads\/2020\/05\/Lotte-drinnen_Moment.jpg 640w, https:\/\/www.handball-ulm.de\/wp-content\/uploads\/2020\/05\/Lotte-drinnen_Moment-300x165.jpg 300w\" sizes=\"(max-width: 640px) 100vw, 640px\" \/><\/figure>\n\n\n\n<p>In den letzten Tagen war die Motivation der Sportlerinnen und \nSportler der SG ein bisschen in den Keller gerutscht trotz oder wegen(?)\n Onlinetranings.<\/p>\n\n\n\n<p>Maskenpflicht. Doch keine gro\u00dfen Ver\u00e4nderungen f\u00fcr unseren geliebten \nHandballsport. Immerw\u00e4hrende Unsicherheit, was ist gut, was ist \nschlecht, was darf man, was nicht. <\/p>\n\n\n\n<p>Doch Lotte l\u00e4sst sich nicht davon abhalten. Sie macht die \u201eHausaufgaben\u201c, die die M\u00e4dchen nach dem Onlinetraining bekamen.<\/p>\n\n\n\n<p>Und davon macht sie mehr, als eigentlich verlangt wurde.<\/p>\n\n\n\n<figure class=\"wp-block-image\"><img loading=\"lazy\" decoding=\"async\" width=\"567\" height=\"357\" src=\"https:\/\/www.handball-ulm.de\/wp-content\/uploads\/2020\/04\/Screenshot-227.png\" alt=\"\" class=\"wp-image-3395\" srcset=\"https:\/\/www.handball-ulm.de\/wp-content\/uploads\/2020\/04\/Screenshot-227.png 567w, https:\/\/www.handball-ulm.de\/wp-content\/uploads\/2020\/04\/Screenshot-227-300x189.png 300w\" sizes=\"(max-width: 567px) 100vw, 567px\" \/><\/figure>\n\n\n\n<figure class=\"wp-block-video\"><video controls src=\"https:\/\/www.handball-ulm.de\/wp-content\/uploads\/2020\/05\/Lotte-z\u00e4hlt-mit.mp4\"><\/video><\/figure>\n\n\n\n<figure class=\"wp-block-video\"><video controls src=\"https:\/\/www.handball-ulm.de\/wp-content\/uploads\/2020\/05\/Lotte-drinnen.mp4\"><\/video><\/figure>\n\n\n\n<h1 class=\"wp-block-heading\">Tag 55 von hoffentlich bald wieder Normalit\u00e4t<\/h1>\n\n\n\n<figure class=\"wp-block-image\"><img loading=\"lazy\" decoding=\"async\" width=\"310\" height=\"406\" src=\"https:\/\/www.handball-ulm.de\/wp-content\/uploads\/2020\/05\/oli.jpg\" alt=\"\" class=\"wp-image-3819\" srcset=\"https:\/\/www.handball-ulm.de\/wp-content\/uploads\/2020\/05\/oli.jpg 310w, https:\/\/www.handball-ulm.de\/wp-content\/uploads\/2020\/05\/oli-229x300.jpg 229w\" sizes=\"(max-width: 310px) 100vw, 310px\" \/><\/figure>\n\n\n\n<p>Unser Oli. <\/p>\n\n\n\n<p>Nicht nur auf dem Handballfeld kaum zu halten, auch beim Laufen stoppt ihn keiner.<\/p>\n\n\n\n<figure class=\"wp-block-video\"><video controls src=\"https:\/\/www.handball-ulm.de\/wp-content\/uploads\/2020\/05\/Oli-Slave.mp4\"><\/video><\/figure>\n\n\n\n<h2 class=\"wp-block-heading\">Tag 56 &#8211; 8!! Wochen<\/h2>\n\n\n\n<h2 class=\"wp-block-heading\">Aure springt<\/h2>\n\n\n\n<figure class=\"wp-block-image\"><img loading=\"lazy\" decoding=\"async\" width=\"344\" height=\"258\" src=\"https:\/\/www.handball-ulm.de\/wp-content\/uploads\/2020\/05\/Aure_Moment.jpg\" alt=\"\" class=\"wp-image-3827\" srcset=\"https:\/\/www.handball-ulm.de\/wp-content\/uploads\/2020\/05\/Aure_Moment.jpg 344w, https:\/\/www.handball-ulm.de\/wp-content\/uploads\/2020\/05\/Aure_Moment-300x225.jpg 300w\" sizes=\"(max-width: 344px) 100vw, 344px\" \/><\/figure>\n\n\n\n<p>Am letzten Tag der vollen acht !! Wochen springt Aurea aus der weiblichen D-Jugend Seil.<\/p>\n\n\n\n<p>Sie ist eine der Spielerinnen, die diese Aktion ins Leben gerufen haben.<\/p>\n\n\n\n<figure class=\"wp-block-image\"><img loading=\"lazy\" decoding=\"async\" width=\"439\" height=\"297\" src=\"https:\/\/www.handball-ulm.de\/wp-content\/uploads\/2020\/05\/IMG_5457.jpg\" alt=\"\" class=\"wp-image-3829\" srcset=\"https:\/\/www.handball-ulm.de\/wp-content\/uploads\/2020\/05\/IMG_5457.jpg 439w, https:\/\/www.handball-ulm.de\/wp-content\/uploads\/2020\/05\/IMG_5457-300x203.jpg 300w\" sizes=\"(max-width: 439px) 100vw, 439px\" \/><\/figure>\n\n\n\n<p>Danke f\u00fcr Deine Motivation, liebe Aure. Hoffentlich sehen wir uns \nbald nicht nur beim Online-Training, sondern in Fleisch und Blut auf der\n Wiese oder in der Halle.<\/p>\n\n\n\n<p>Wir sind mittlerweile nicht mehr w\u00e4hlerisch.<\/p>\n\n\n\n<figure class=\"wp-block-video\"><video controls src=\"https:\/\/www.handball-ulm.de\/wp-content\/uploads\/2020\/05\/Aure.mp4\"><\/video><\/figure>\n","protected":false},"excerpt":{"rendered":"<p>Tag 43 &#8211; Patta unterwegs Patta von der m\u00e4nnlichen A-Jugend war mit demFahrrad ungef\u00e4hr eine Stunde unterwegs und fuhr von Wiblingen nach Staig. Da es warm war, kamen sogar ein paar Schwei\u00dftropfen auf seine Stirn. Tag 43 &#8211; Handball forever mit den Eisingers Seht hier das Video dazu: Tag 44 &#8211; Vierbeinige Handballfreundin Sie hei\u00dft [&hellip;]<\/p>\n<br\/><br\/><a class=\"read-more\" href=\"https:\/\/www.handball-ulm.de\/?p=3601\"> Mehr lesen...<\/a>","protected":false},"author":10,"featured_media":3576,"comment_status":"closed","ping_status":"closed","sticky":false,"template":"","format":"standard","meta":{"ngg_post_thumbnail":0,"footnotes":""},"categories":[1,66,8,63],"tags":[],"_links":{"self":[{"href":"https:\/\/www.handball-ulm.de\/index.php?rest_route=\/wp\/v2\/posts\/3601"}],"collection":[{"href":"https:\/\/www.handball-ulm.de\/index.php?rest_route=\/wp\/v2\/posts"}],"about":[{"href":"https:\/\/www.handball-ulm.de\/index.php?rest_route=\/wp\/v2\/types\/post"}],"author":[{"embeddable":true,"href":"https:\/\/www.handball-ulm.de\/index.php?rest_route=\/wp\/v2\/users\/10"}],"replies":[{"embeddable":true,"href":"https:\/\/www.handball-ulm.de\/index.php?rest_route=%2Fwp%2Fv2%2Fcomments&post=3601"}],"version-history":[{"count":17,"href":"https:\/\/www.handball-ulm.de\/index.php?rest_route=\/wp\/v2\/posts\/3601\/revisions"}],"predecessor-version":[{"id":3838,"href":"https:\/\/www.handball-ulm.de\/index.php?rest_route=\/wp\/v2\/posts\/3601\/revisions\/3838"}],"wp:featuredmedia":[{"embeddable":true,"href":"https:\/\/www.handball-ulm.de\/index.php?rest_route=\/wp\/v2\/media\/3576"}],"wp:attachment":[{"href":"https:\/\/www.handball-ulm.de\/index.php?rest_route=%2Fwp%2Fv2%2Fmedia&parent=3601"}],"wp:term":[{"taxonomy":"category","embeddable":true,"href":"https:\/\/www.handball-ulm.de\/index.php?rest_route=%2Fwp%2Fv2%2Fcategories&post=3601"},{"taxonomy":"post_tag","embeddable":true,"href":"https:\/\/www.handball-ulm.de\/index.php?rest_route=%2Fwp%2Fv2%2Ftags&post=3601"}],"curies":[{"name":"wp","href":"https:\/\/api.w.org\/{rel}","templated":true}]}}