{"id":3583,"date":"2020-04-29T06:12:00","date_gmt":"2020-04-29T04:12:00","guid":{"rendered":"https:\/\/www.handball-ulm.de\/?p=3583"},"modified":"2020-05-01T10:01:57","modified_gmt":"2020-05-01T08:01:57","slug":"tag-46-seilakrobat-tarik","status":"publish","type":"post","link":"https:\/\/www.handball-ulm.de\/?p=3583","title":{"rendered":"Tag 46 &#8211; Seilakrobat Tarik"},"content":{"rendered":"\n<figure class=\"wp-block-image size-large\"><img loading=\"lazy\" decoding=\"async\" width=\"475\" height=\"682\" src=\"https:\/\/www.handball-ulm.de\/wp-content\/uploads\/2020\/04\/Tarik-h\u00fcpft_1Moment.jpg\" alt=\"\" class=\"wp-image-3588\" srcset=\"https:\/\/www.handball-ulm.de\/wp-content\/uploads\/2020\/04\/Tarik-h\u00fcpft_1Moment.jpg 475w, https:\/\/www.handball-ulm.de\/wp-content\/uploads\/2020\/04\/Tarik-h\u00fcpft_1Moment-209x300.jpg 209w\" sizes=\"(max-width: 475px) 100vw, 475px\" \/><\/figure>\n\n\n\n<p><a href=\"https:\/\/kinder.wdr.de\/tv\/die-sendung-mit-der-maus\/av\/video-seilspringen-102.html\">https:\/\/kinder.wdr.de\/tv\/die-sendung-mit-der-maus\/av\/video-seilspringen-102.html<\/a><\/p>\n\n\n\n<p>In der Geschwindigkeit wie die Maus ist unser Tarik  nat\u00fcrlich nicht unterwegs. <\/p>\n\n\n\n<p>Er ist ein perfekter Seilk\u00fcnstler. <\/p>\n\n\n\n<p>Mit beiden Beinen oder abwechselnd mit einem nur. <\/p>\n\n\n\n<p>Die Arme parallel oder \u00fcberkreuzt. Tarik kann alles.<\/p>\n\n\n\n<figure class=\"wp-block-video\"><video controls src=\"https:\/\/www.handball-ulm.de\/wp-content\/uploads\/2020\/04\/Tarik-h\u00fcpft.mp4\"><\/video><\/figure>\n\n\n\n<figure class=\"wp-block-image size-large\"><img loading=\"lazy\" decoding=\"async\" width=\"1024\" height=\"611\" src=\"https:\/\/www.handball-ulm.de\/wp-content\/uploads\/2020\/04\/Screenshot-249-1024x611.png\" alt=\"\" class=\"wp-image-3419\" srcset=\"https:\/\/www.handball-ulm.de\/wp-content\/uploads\/2020\/04\/Screenshot-249-1024x611.png 1024w, https:\/\/www.handball-ulm.de\/wp-content\/uploads\/2020\/04\/Screenshot-249-300x179.png 300w, https:\/\/www.handball-ulm.de\/wp-content\/uploads\/2020\/04\/Screenshot-249-768x459.png 768w, https:\/\/www.handball-ulm.de\/wp-content\/uploads\/2020\/04\/Screenshot-249-1170x699.png 1170w, https:\/\/www.handball-ulm.de\/wp-content\/uploads\/2020\/04\/Screenshot-249.png 1184w\" sizes=\"(max-width: 1024px) 100vw, 1024px\" \/><\/figure>\n","protected":false},"excerpt":{"rendered":"<p>https:\/\/kinder.wdr.de\/tv\/die-sendung-mit-der-maus\/av\/video-seilspringen-102.html In der Geschwindigkeit wie die Maus ist unser Tarik nat\u00fcrlich nicht unterwegs. Er ist ein perfekter Seilk\u00fcnstler. Mit beiden Beinen oder abwechselnd mit einem nur. Die Arme parallel oder \u00fcberkreuzt. Tarik kann alles.<\/p>\n<br\/><br\/><a class=\"read-more\" href=\"https:\/\/www.handball-ulm.de\/?p=3583\"> Mehr lesen...<\/a>","protected":false},"author":10,"featured_media":3586,"comment_status":"closed","ping_status":"closed","sticky":false,"template":"","format":"standard","meta":{"ngg_post_thumbnail":0,"footnotes":""},"categories":[22],"tags":[],"_links":{"self":[{"href":"https:\/\/www.handball-ulm.de\/index.php?rest_route=\/wp\/v2\/posts\/3583"}],"collection":[{"href":"https:\/\/www.handball-ulm.de\/index.php?rest_route=\/wp\/v2\/posts"}],"about":[{"href":"https:\/\/www.handball-ulm.de\/index.php?rest_route=\/wp\/v2\/types\/post"}],"author":[{"embeddable":true,"href":"https:\/\/www.handball-ulm.de\/index.php?rest_route=\/wp\/v2\/users\/10"}],"replies":[{"embeddable":true,"href":"https:\/\/www.handball-ulm.de\/index.php?rest_route=%2Fwp%2Fv2%2Fcomments&post=3583"}],"version-history":[{"count":5,"href":"https:\/\/www.handball-ulm.de\/index.php?rest_route=\/wp\/v2\/posts\/3583\/revisions"}],"predecessor-version":[{"id":3624,"href":"https:\/\/www.handball-ulm.de\/index.php?rest_route=\/wp\/v2\/posts\/3583\/revisions\/3624"}],"wp:featuredmedia":[{"embeddable":true,"href":"https:\/\/www.handball-ulm.de\/index.php?rest_route=\/wp\/v2\/media\/3586"}],"wp:attachment":[{"href":"https:\/\/www.handball-ulm.de\/index.php?rest_route=%2Fwp%2Fv2%2Fmedia&parent=3583"}],"wp:term":[{"taxonomy":"category","embeddable":true,"href":"https:\/\/www.handball-ulm.de\/index.php?rest_route=%2Fwp%2Fv2%2Fcategories&post=3583"},{"taxonomy":"post_tag","embeddable":true,"href":"https:\/\/www.handball-ulm.de\/index.php?rest_route=%2Fwp%2Fv2%2Ftags&post=3583"}],"curies":[{"name":"wp","href":"https:\/\/api.w.org\/{rel}","templated":true}]}}