{"id":3560,"date":"2020-04-26T13:54:41","date_gmt":"2020-04-26T11:54:41","guid":{"rendered":"https:\/\/www.handball-ulm.de\/?p=3560"},"modified":"2020-04-27T19:25:34","modified_gmt":"2020-04-27T17:25:34","slug":"tag-43-patta-unterwegs","status":"publish","type":"post","link":"https:\/\/www.handball-ulm.de\/?p=3560","title":{"rendered":"Tag 43 &#8211; Patta unterwegs"},"content":{"rendered":"\n<figure class=\"wp-block-image size-large\"><img loading=\"lazy\" decoding=\"async\" width=\"1002\" height=\"764\" src=\"https:\/\/www.handball-ulm.de\/wp-content\/uploads\/2020\/04\/Screenshot-39.png\" alt=\"\" class=\"wp-image-3561\" srcset=\"https:\/\/www.handball-ulm.de\/wp-content\/uploads\/2020\/04\/Screenshot-39.png 1002w, https:\/\/www.handball-ulm.de\/wp-content\/uploads\/2020\/04\/Screenshot-39-300x229.png 300w, https:\/\/www.handball-ulm.de\/wp-content\/uploads\/2020\/04\/Screenshot-39-768x586.png 768w\" sizes=\"(max-width: 1002px) 100vw, 1002px\" \/><\/figure>\n\n\n\n<p>Patta von der m\u00e4nnlichen A-Jugend war mit demFahrrad ungef\u00e4hr eine Stunde unterwegs und fuhr von Wiblingen nach Staig. <\/p>\n\n\n\n<p>Da es warm war, kamen sogar ein paar Schwei\u00dftropfen auf seine Stirn.<\/p>\n\n\n\n<p><a href=\"https:\/\/www.handball-ulm.de\/wp-content\/uploads\/2020\/04\/Patrick.mp4\">https:\/\/www.handball-ulm.de\/wp-content\/uploads\/2020\/04\/Patrick.mp4<\/a><\/p>\n","protected":false},"excerpt":{"rendered":"<p>Patta von der m\u00e4nnlichen A-Jugend war mit demFahrrad ungef\u00e4hr eine Stunde unterwegs und fuhr von Wiblingen nach Staig. Da es warm war, kamen sogar ein paar Schwei\u00dftropfen auf seine Stirn. https:\/\/www.handball-ulm.de\/wp-content\/uploads\/2020\/04\/Patrick.mp4<\/p>\n<br\/><br\/><a class=\"read-more\" href=\"https:\/\/www.handball-ulm.de\/?p=3560\"> Mehr lesen...<\/a>","protected":false},"author":10,"featured_media":3562,"comment_status":"closed","ping_status":"closed","sticky":false,"template":"","format":"standard","meta":{"ngg_post_thumbnail":0,"footnotes":""},"categories":[15],"tags":[],"_links":{"self":[{"href":"https:\/\/www.handball-ulm.de\/index.php?rest_route=\/wp\/v2\/posts\/3560"}],"collection":[{"href":"https:\/\/www.handball-ulm.de\/index.php?rest_route=\/wp\/v2\/posts"}],"about":[{"href":"https:\/\/www.handball-ulm.de\/index.php?rest_route=\/wp\/v2\/types\/post"}],"author":[{"embeddable":true,"href":"https:\/\/www.handball-ulm.de\/index.php?rest_route=\/wp\/v2\/users\/10"}],"replies":[{"embeddable":true,"href":"https:\/\/www.handball-ulm.de\/index.php?rest_route=%2Fwp%2Fv2%2Fcomments&post=3560"}],"version-history":[{"count":1,"href":"https:\/\/www.handball-ulm.de\/index.php?rest_route=\/wp\/v2\/posts\/3560\/revisions"}],"predecessor-version":[{"id":3564,"href":"https:\/\/www.handball-ulm.de\/index.php?rest_route=\/wp\/v2\/posts\/3560\/revisions\/3564"}],"wp:featuredmedia":[{"embeddable":true,"href":"https:\/\/www.handball-ulm.de\/index.php?rest_route=\/wp\/v2\/media\/3562"}],"wp:attachment":[{"href":"https:\/\/www.handball-ulm.de\/index.php?rest_route=%2Fwp%2Fv2%2Fmedia&parent=3560"}],"wp:term":[{"taxonomy":"category","embeddable":true,"href":"https:\/\/www.handball-ulm.de\/index.php?rest_route=%2Fwp%2Fv2%2Fcategories&post=3560"},{"taxonomy":"post_tag","embeddable":true,"href":"https:\/\/www.handball-ulm.de\/index.php?rest_route=%2Fwp%2Fv2%2Ftags&post=3560"}],"curies":[{"name":"wp","href":"https:\/\/api.w.org\/{rel}","templated":true}]}}