{"id":3532,"date":"2020-04-22T22:19:46","date_gmt":"2020-04-22T20:19:46","guid":{"rendered":"https:\/\/www.handball-ulm.de\/?p=3532"},"modified":"2020-05-02T21:45:07","modified_gmt":"2020-05-02T19:45:07","slug":"handball-online-kongress","status":"publish","type":"post","link":"https:\/\/www.handball-ulm.de\/?p=3532","title":{"rendered":"Handball-Online-Kongre\u00df"},"content":{"rendered":"\n<figure class=\"wp-block-image size-large\"><img loading=\"lazy\" decoding=\"async\" width=\"1024\" height=\"576\" src=\"https:\/\/www.handball-ulm.de\/wp-content\/uploads\/2020\/04\/Honadball-Online-Kongre\u00df-1024x576.jpeg\" alt=\"\" class=\"wp-image-3534\" srcset=\"https:\/\/www.handball-ulm.de\/wp-content\/uploads\/2020\/04\/Honadball-Online-Kongre\u00df-1024x576.jpeg 1024w, https:\/\/www.handball-ulm.de\/wp-content\/uploads\/2020\/04\/Honadball-Online-Kongre\u00df-300x169.jpeg 300w, https:\/\/www.handball-ulm.de\/wp-content\/uploads\/2020\/04\/Honadball-Online-Kongre\u00df-768x432.jpeg 768w, https:\/\/www.handball-ulm.de\/wp-content\/uploads\/2020\/04\/Honadball-Online-Kongre\u00df-1536x864.jpeg 1536w, https:\/\/www.handball-ulm.de\/wp-content\/uploads\/2020\/04\/Honadball-Online-Kongre\u00df-1170x658.jpeg 1170w, https:\/\/www.handball-ulm.de\/wp-content\/uploads\/2020\/04\/Honadball-Online-Kongre\u00df.jpeg 1600w\" sizes=\"(max-width: 1024px) 100vw, 1024px\" \/><\/figure>\n\n\n\n<p>Wir nutzen die freie Zeit und den Handball-Online-Kongre\u00df.<\/p>\n\n\n\n<figure class=\"wp-block-embed-wordpress wp-block-embed is-type-wp-embed is-provider-handball-online-kongress\"><div class=\"wp-block-embed__wrapper\">\n<blockquote class=\"wp-embedded-content\" data-secret=\"gMYikntUqD\"><a href=\"https:\/\/handball-online-kongress.de\/\">home<\/a><\/blockquote><iframe title=\"&#8222;home&#8220; &#8212; Handball Online Kongress\" class=\"wp-embedded-content\" sandbox=\"allow-scripts\" security=\"restricted\" style=\"position: absolute; clip: rect(1px, 1px, 1px, 1px);\" src=\"https:\/\/handball-online-kongress.de\/embed\/#?secret=gMYikntUqD\" data-secret=\"gMYikntUqD\" width=\"600\" height=\"338\" frameborder=\"0\" marginwidth=\"0\" marginheight=\"0\" scrolling=\"no\"><\/iframe>\n<\/div><\/figure>\n\n\n\n<p>Danke an die Moderatoren und den Organisatoren Markus Eickelmann und Axel Sierau.<\/p>\n\n\n\n<p>Egal, ob Rolf Brack, Maria Grimberg, Dominik Klein oder J\u00f6rg L\u00fctzelberger. Wir k\u00f6nnen viel lernen und haben aktuell die Zeit dazu. <\/p>\n\n\n\n<figure class=\"wp-block-image size-large\"><img loading=\"lazy\" decoding=\"async\" width=\"1024\" height=\"635\" src=\"https:\/\/www.handball-ulm.de\/wp-content\/uploads\/2020\/04\/WhatsApp-Image-2020-04-23-at-17.31.24-1024x635.jpeg\" alt=\"\" class=\"wp-image-3541\" srcset=\"https:\/\/www.handball-ulm.de\/wp-content\/uploads\/2020\/04\/WhatsApp-Image-2020-04-23-at-17.31.24-1024x635.jpeg 1024w, https:\/\/www.handball-ulm.de\/wp-content\/uploads\/2020\/04\/WhatsApp-Image-2020-04-23-at-17.31.24-300x186.jpeg 300w, https:\/\/www.handball-ulm.de\/wp-content\/uploads\/2020\/04\/WhatsApp-Image-2020-04-23-at-17.31.24-768x476.jpeg 768w, https:\/\/www.handball-ulm.de\/wp-content\/uploads\/2020\/04\/WhatsApp-Image-2020-04-23-at-17.31.24-1536x953.jpeg 1536w, https:\/\/www.handball-ulm.de\/wp-content\/uploads\/2020\/04\/WhatsApp-Image-2020-04-23-at-17.31.24-1170x726.jpeg 1170w, https:\/\/www.handball-ulm.de\/wp-content\/uploads\/2020\/04\/WhatsApp-Image-2020-04-23-at-17.31.24.jpeg 1599w\" sizes=\"(max-width: 1024px) 100vw, 1024px\" \/><\/figure>\n\n\n\n<figure class=\"wp-block-image size-large\"><img loading=\"lazy\" decoding=\"async\" width=\"1024\" height=\"503\" src=\"https:\/\/www.handball-ulm.de\/wp-content\/uploads\/2020\/04\/Screenshot-30-1024x503.png\" alt=\"\" class=\"wp-image-3533\" srcset=\"https:\/\/www.handball-ulm.de\/wp-content\/uploads\/2020\/04\/Screenshot-30-1024x503.png 1024w, https:\/\/www.handball-ulm.de\/wp-content\/uploads\/2020\/04\/Screenshot-30-300x147.png 300w, https:\/\/www.handball-ulm.de\/wp-content\/uploads\/2020\/04\/Screenshot-30-768x377.png 768w, https:\/\/www.handball-ulm.de\/wp-content\/uploads\/2020\/04\/Screenshot-30-1170x574.png 1170w, https:\/\/www.handball-ulm.de\/wp-content\/uploads\/2020\/04\/Screenshot-30.png 1334w\" sizes=\"(max-width: 1024px) 100vw, 1024px\" \/><\/figure>\n","protected":false},"excerpt":{"rendered":"<p>Wir nutzen die freie Zeit und den Handball-Online-Kongre\u00df. Danke an die Moderatoren und den Organisatoren Markus Eickelmann und Axel Sierau. Egal, ob Rolf Brack, Maria Grimberg, Dominik Klein oder J\u00f6rg L\u00fctzelberger. Wir k\u00f6nnen viel lernen und haben aktuell die Zeit dazu.<\/p>\n<br\/><br\/><a class=\"read-more\" href=\"https:\/\/www.handball-ulm.de\/?p=3532\"> Mehr lesen...<\/a>","protected":false},"author":10,"featured_media":3537,"comment_status":"closed","ping_status":"closed","sticky":false,"template":"","format":"standard","meta":{"ngg_post_thumbnail":0,"footnotes":""},"categories":[66,8],"tags":[],"_links":{"self":[{"href":"https:\/\/www.handball-ulm.de\/index.php?rest_route=\/wp\/v2\/posts\/3532"}],"collection":[{"href":"https:\/\/www.handball-ulm.de\/index.php?rest_route=\/wp\/v2\/posts"}],"about":[{"href":"https:\/\/www.handball-ulm.de\/index.php?rest_route=\/wp\/v2\/types\/post"}],"author":[{"embeddable":true,"href":"https:\/\/www.handball-ulm.de\/index.php?rest_route=\/wp\/v2\/users\/10"}],"replies":[{"embeddable":true,"href":"https:\/\/www.handball-ulm.de\/index.php?rest_route=%2Fwp%2Fv2%2Fcomments&post=3532"}],"version-history":[{"count":3,"href":"https:\/\/www.handball-ulm.de\/index.php?rest_route=\/wp\/v2\/posts\/3532\/revisions"}],"predecessor-version":[{"id":3542,"href":"https:\/\/www.handball-ulm.de\/index.php?rest_route=\/wp\/v2\/posts\/3532\/revisions\/3542"}],"wp:featuredmedia":[{"embeddable":true,"href":"https:\/\/www.handball-ulm.de\/index.php?rest_route=\/wp\/v2\/media\/3537"}],"wp:attachment":[{"href":"https:\/\/www.handball-ulm.de\/index.php?rest_route=%2Fwp%2Fv2%2Fmedia&parent=3532"}],"wp:term":[{"taxonomy":"category","embeddable":true,"href":"https:\/\/www.handball-ulm.de\/index.php?rest_route=%2Fwp%2Fv2%2Fcategories&post=3532"},{"taxonomy":"post_tag","embeddable":true,"href":"https:\/\/www.handball-ulm.de\/index.php?rest_route=%2Fwp%2Fv2%2Ftags&post=3532"}],"curies":[{"name":"wp","href":"https:\/\/api.w.org\/{rel}","templated":true}]}}