{"id":3411,"date":"2020-04-12T13:29:07","date_gmt":"2020-04-12T11:29:07","guid":{"rendered":"https:\/\/www.handball-ulm.de\/?p=3411"},"modified":"2020-04-18T10:37:33","modified_gmt":"2020-04-18T08:37:33","slug":"tag-29-von-viel-zu-vielen","status":"publish","type":"post","link":"https:\/\/www.handball-ulm.de\/?p=3411","title":{"rendered":"Tag 29 von viel zu vielen"},"content":{"rendered":"\n<h2 class=\"wp-block-heading\">Wir sind f\u00fcnf<\/h2>\n\n\n\n<figure class=\"wp-block-image size-large\"><img loading=\"lazy\" decoding=\"async\" width=\"352\" height=\"640\" src=\"https:\/\/www.handball-ulm.de\/wp-content\/uploads\/2020\/04\/Wir-sind-viele2.jpg\" alt=\"\" class=\"wp-image-3412\" srcset=\"https:\/\/www.handball-ulm.de\/wp-content\/uploads\/2020\/04\/Wir-sind-viele2.jpg 352w, https:\/\/www.handball-ulm.de\/wp-content\/uploads\/2020\/04\/Wir-sind-viele2-165x300.jpg 165w\" sizes=\"(max-width: 352px) 100vw, 352px\" \/><\/figure>\n\n\n\n<p>Die Kinder\nunserer weiblich D-Jugend-Trainerin haben Gl\u00fcck in dieser Zeit. Zwar fehlen\nallen die Mannschaftskollegen und die Handballhalle, aber der Garten und die\nGeschwister helfen zur \u00dcberbr\u00fcckung.<\/p>\n\n\n\n<p>Sie sind zu\nf\u00fcnft in der Familie und haben einen Garten und das Wetter ist sch\u00f6n. <\/p>\n\n\n\n<p>Dadurch\nbesteht die M\u00f6glichkeit, diverse Handball\u00fcbungen im Freien durchzuf\u00fchren. Das\nneuste Kunstst\u00fcck von Jon, der in der F-Jugend und von Janosch, der in der\nE-Jugend spielt, ist, den Ball hinterm R\u00fccken ins Ziel zu bef\u00f6rdern.\nMinispielerin Merle ist begeistert.<\/p>\n\n\n\n<p>Sanne spielt schon D-Jugend und bringt gerade der kleinsten Schwester das Fangen bei. <\/p>\n\n\n\n<figure class=\"wp-block-embed-youtube wp-block-embed is-type-video is-provider-youtube wp-embed-aspect-16-9 wp-has-aspect-ratio\"><div class=\"wp-block-embed__wrapper\">\n<iframe loading=\"lazy\" title=\"Tag 29 - Wir sind viele\" width=\"1170\" height=\"658\" src=\"https:\/\/www.youtube.com\/embed\/6FyLc3WlwYw?feature=oembed\" frameborder=\"0\" allow=\"accelerometer; autoplay; encrypted-media; gyroscope; picture-in-picture\" allowfullscreen><\/iframe>\n<\/div><\/figure>\n","protected":false},"excerpt":{"rendered":"<p>Wir sind f\u00fcnf Die Kinder unserer weiblich D-Jugend-Trainerin haben Gl\u00fcck in dieser Zeit. Zwar fehlen allen die Mannschaftskollegen und die Handballhalle, aber der Garten und die Geschwister helfen zur \u00dcberbr\u00fcckung. Sie sind zu f\u00fcnft in der Familie und haben einen Garten und das Wetter ist sch\u00f6n. Dadurch besteht die M\u00f6glichkeit, diverse Handball\u00fcbungen im Freien durchzuf\u00fchren. [&hellip;]<\/p>\n<br\/><br\/><a class=\"read-more\" href=\"https:\/\/www.handball-ulm.de\/?p=3411\"> Mehr lesen...<\/a>","protected":false},"author":10,"featured_media":3413,"comment_status":"closed","ping_status":"closed","sticky":false,"template":"","format":"standard","meta":{"ngg_post_thumbnail":0,"footnotes":""},"categories":[25,27,29,21],"tags":[],"_links":{"self":[{"href":"https:\/\/www.handball-ulm.de\/index.php?rest_route=\/wp\/v2\/posts\/3411"}],"collection":[{"href":"https:\/\/www.handball-ulm.de\/index.php?rest_route=\/wp\/v2\/posts"}],"about":[{"href":"https:\/\/www.handball-ulm.de\/index.php?rest_route=\/wp\/v2\/types\/post"}],"author":[{"embeddable":true,"href":"https:\/\/www.handball-ulm.de\/index.php?rest_route=\/wp\/v2\/users\/10"}],"replies":[{"embeddable":true,"href":"https:\/\/www.handball-ulm.de\/index.php?rest_route=%2Fwp%2Fv2%2Fcomments&post=3411"}],"version-history":[{"count":2,"href":"https:\/\/www.handball-ulm.de\/index.php?rest_route=\/wp\/v2\/posts\/3411\/revisions"}],"predecessor-version":[{"id":3473,"href":"https:\/\/www.handball-ulm.de\/index.php?rest_route=\/wp\/v2\/posts\/3411\/revisions\/3473"}],"wp:featuredmedia":[{"embeddable":true,"href":"https:\/\/www.handball-ulm.de\/index.php?rest_route=\/wp\/v2\/media\/3413"}],"wp:attachment":[{"href":"https:\/\/www.handball-ulm.de\/index.php?rest_route=%2Fwp%2Fv2%2Fmedia&parent=3411"}],"wp:term":[{"taxonomy":"category","embeddable":true,"href":"https:\/\/www.handball-ulm.de\/index.php?rest_route=%2Fwp%2Fv2%2Fcategories&post=3411"},{"taxonomy":"post_tag","embeddable":true,"href":"https:\/\/www.handball-ulm.de\/index.php?rest_route=%2Fwp%2Fv2%2Ftags&post=3411"}],"curies":[{"name":"wp","href":"https:\/\/api.w.org\/{rel}","templated":true}]}}