{"id":3112,"date":"2020-03-08T22:36:50","date_gmt":"2020-03-08T21:36:50","guid":{"rendered":"https:\/\/www.handball-ulm.de\/?p=3112"},"modified":"2020-05-02T21:45:12","modified_gmt":"2020-05-02T19:45:12","slug":"talentiade-der-gemischten-e-jugend","status":"publish","type":"post","link":"https:\/\/www.handball-ulm.de\/?p=3112","title":{"rendered":"Talentiade der gemischten E-Jugend"},"content":{"rendered":"\n<figure class=\"wp-block-image size-large\"><img loading=\"lazy\" decoding=\"async\" width=\"1024\" height=\"950\" src=\"https:\/\/www.handball-ulm.de\/wp-content\/uploads\/2020\/03\/IMG_7382-1024x950.jpg\" alt=\"\" class=\"wp-image-3113\" srcset=\"https:\/\/www.handball-ulm.de\/wp-content\/uploads\/2020\/03\/IMG_7382-1024x950.jpg 1024w, https:\/\/www.handball-ulm.de\/wp-content\/uploads\/2020\/03\/IMG_7382-300x278.jpg 300w, https:\/\/www.handball-ulm.de\/wp-content\/uploads\/2020\/03\/IMG_7382-768x713.jpg 768w, https:\/\/www.handball-ulm.de\/wp-content\/uploads\/2020\/03\/IMG_7382-1536x1426.jpg 1536w, https:\/\/www.handball-ulm.de\/wp-content\/uploads\/2020\/03\/IMG_7382-2048x1901.jpg 2048w, https:\/\/www.handball-ulm.de\/wp-content\/uploads\/2020\/03\/IMG_7382-1170x1086.jpg 1170w\" sizes=\"(max-width: 1024px) 100vw, 1024px\" \/><\/figure>\n\n\n\n<p>Zwei Siege unserer gemischten E-Jugend in wunderbarem Mannschaftszusammenspiel besiegelten eine tolle Talentiade. Die Ulmer Jungs sind eine beeindruckende Truppe. Die Trainer Osman und Johannes leisten hervorragende Arbeit. Tarik, Oskar, Patrick und Co d\u00fcsen \u00fcber das Spielfeld und tanzen die Gegner mit Bravour aus.<\/p>\n\n\n\n<figure class=\"wp-block-image size-large\"><img loading=\"lazy\" decoding=\"async\" width=\"1024\" height=\"625\" src=\"https:\/\/www.handball-ulm.de\/wp-content\/uploads\/2020\/03\/IMG_7402-1024x625.jpg\" alt=\"\" class=\"wp-image-3114\" srcset=\"https:\/\/www.handball-ulm.de\/wp-content\/uploads\/2020\/03\/IMG_7402-1024x625.jpg 1024w, https:\/\/www.handball-ulm.de\/wp-content\/uploads\/2020\/03\/IMG_7402-300x183.jpg 300w, https:\/\/www.handball-ulm.de\/wp-content\/uploads\/2020\/03\/IMG_7402-768x468.jpg 768w, https:\/\/www.handball-ulm.de\/wp-content\/uploads\/2020\/03\/IMG_7402.jpg 1100w\" sizes=\"(max-width: 1024px) 100vw, 1024px\" \/><\/figure>\n\n\n\n<p>Bei der VR-Talentiade- Sichtung am 08.03.2020<em> <\/em>d\u00fcrfen M\u00e4dchen und Jungen des Jahrgangs 2009 und j\u00fcnger zeigen, was in ihnen steckt. Die SG Ulm &amp; Wiblingen und die Volksbank Ulm-Biberach organisieren zusammen ein Sportfest, bei dem besonders begabte Kinder f\u00fcr die Sportart Handball entdeckt werden sollen.<\/p>\n\n\n\n<figure class=\"wp-block-image size-large\"><img loading=\"lazy\" decoding=\"async\" width=\"1024\" height=\"480\" src=\"https:\/\/www.handball-ulm.de\/wp-content\/uploads\/2020\/03\/IMG_7428-Kopie-1024x480.jpg\" alt=\"\" class=\"wp-image-3115\" srcset=\"https:\/\/www.handball-ulm.de\/wp-content\/uploads\/2020\/03\/IMG_7428-Kopie-1024x480.jpg 1024w, https:\/\/www.handball-ulm.de\/wp-content\/uploads\/2020\/03\/IMG_7428-Kopie-300x141.jpg 300w, https:\/\/www.handball-ulm.de\/wp-content\/uploads\/2020\/03\/IMG_7428-Kopie-768x360.jpg 768w, https:\/\/www.handball-ulm.de\/wp-content\/uploads\/2020\/03\/IMG_7428-Kopie-1170x548.jpg 1170w, https:\/\/www.handball-ulm.de\/wp-content\/uploads\/2020\/03\/IMG_7428-Kopie.jpg 1266w\" sizes=\"(max-width: 1024px) 100vw, 1024px\" \/><\/figure>\n\n\n\n<p>Alle Spielerinnen und Spieler aus Ulm, Ehingen und Gerhausen hatten sichtlich Spa\u00df am heutigen Spielfest. Wir sagen Danke an die Volksbank f\u00fcr diese sportliche M\u00f6glichkeit.<\/p>\n\n\n\n<p><\/p>\n","protected":false},"excerpt":{"rendered":"<p>Zwei Siege unserer gemischten E-Jugend in wunderbarem Mannschaftszusammenspiel besiegelten eine tolle Talentiade. Die Ulmer Jungs sind eine beeindruckende Truppe. Die Trainer Osman und Johannes leisten hervorragende Arbeit. Tarik, Oskar, Patrick und Co d\u00fcsen \u00fcber das Spielfeld und tanzen die Gegner mit Bravour aus. Bei der VR-Talentiade- Sichtung am 08.03.2020 d\u00fcrfen M\u00e4dchen und Jungen des Jahrgangs [&hellip;]<\/p>\n<br\/><br\/><a class=\"read-more\" href=\"https:\/\/www.handball-ulm.de\/?p=3112\"> Mehr lesen...<\/a>","protected":false},"author":10,"featured_media":3116,"comment_status":"closed","ping_status":"closed","sticky":false,"template":"","format":"standard","meta":{"ngg_post_thumbnail":0,"footnotes":""},"categories":[1,66,25,8,63],"tags":[],"_links":{"self":[{"href":"https:\/\/www.handball-ulm.de\/index.php?rest_route=\/wp\/v2\/posts\/3112"}],"collection":[{"href":"https:\/\/www.handball-ulm.de\/index.php?rest_route=\/wp\/v2\/posts"}],"about":[{"href":"https:\/\/www.handball-ulm.de\/index.php?rest_route=\/wp\/v2\/types\/post"}],"author":[{"embeddable":true,"href":"https:\/\/www.handball-ulm.de\/index.php?rest_route=\/wp\/v2\/users\/10"}],"replies":[{"embeddable":true,"href":"https:\/\/www.handball-ulm.de\/index.php?rest_route=%2Fwp%2Fv2%2Fcomments&post=3112"}],"version-history":[{"count":5,"href":"https:\/\/www.handball-ulm.de\/index.php?rest_route=\/wp\/v2\/posts\/3112\/revisions"}],"predecessor-version":[{"id":3123,"href":"https:\/\/www.handball-ulm.de\/index.php?rest_route=\/wp\/v2\/posts\/3112\/revisions\/3123"}],"wp:featuredmedia":[{"embeddable":true,"href":"https:\/\/www.handball-ulm.de\/index.php?rest_route=\/wp\/v2\/media\/3116"}],"wp:attachment":[{"href":"https:\/\/www.handball-ulm.de\/index.php?rest_route=%2Fwp%2Fv2%2Fmedia&parent=3112"}],"wp:term":[{"taxonomy":"category","embeddable":true,"href":"https:\/\/www.handball-ulm.de\/index.php?rest_route=%2Fwp%2Fv2%2Fcategories&post=3112"},{"taxonomy":"post_tag","embeddable":true,"href":"https:\/\/www.handball-ulm.de\/index.php?rest_route=%2Fwp%2Fv2%2Ftags&post=3112"}],"curies":[{"name":"wp","href":"https:\/\/api.w.org\/{rel}","templated":true}]}}