{"id":3076,"date":"2020-03-07T07:17:00","date_gmt":"2020-03-07T06:17:00","guid":{"rendered":"https:\/\/www.handball-ulm.de\/?p=3076"},"modified":"2020-05-02T21:45:12","modified_gmt":"2020-05-02T19:45:12","slug":"sponsorenevent-in-gut-gefuellter-halle","status":"publish","type":"post","link":"https:\/\/www.handball-ulm.de\/?p=3076","title":{"rendered":"Sponsorenevent in gut gef\u00fcllter Halle"},"content":{"rendered":"\n<p>Ein wunderbar erfolgreicher langer Tag f\u00fcr die SG Ulm &amp; Wiblingen ging um Mitternacht zu Ende.<\/p>\n\n\n\n<figure class=\"wp-block-image size-large\"><img loading=\"lazy\" decoding=\"async\" width=\"1024\" height=\"580\" src=\"https:\/\/www.handball-ulm.de\/wp-content\/uploads\/2020\/03\/WhatsApp-Image-2020-03-08-at-09.05.03-1024x580.jpeg\" alt=\"\" class=\"wp-image-3108\" srcset=\"https:\/\/www.handball-ulm.de\/wp-content\/uploads\/2020\/03\/WhatsApp-Image-2020-03-08-at-09.05.03-1024x580.jpeg 1024w, https:\/\/www.handball-ulm.de\/wp-content\/uploads\/2020\/03\/WhatsApp-Image-2020-03-08-at-09.05.03-300x170.jpeg 300w, https:\/\/www.handball-ulm.de\/wp-content\/uploads\/2020\/03\/WhatsApp-Image-2020-03-08-at-09.05.03-768x435.jpeg 768w, https:\/\/www.handball-ulm.de\/wp-content\/uploads\/2020\/03\/WhatsApp-Image-2020-03-08-at-09.05.03.jpeg 1075w\" sizes=\"(max-width: 1024px) 100vw, 1024px\" \/><\/figure>\n\n\n\n<p>Schon zu fr\u00fcher Stunde begann der Tag mit einem Sieg der weiblichen B-Jugend gegen Isny. Die gemischte D-Jugend gab die Punkte zwar mit nach Wangen. Doch die Trainer waren mehr als zufrieden \u00fcber die Entwicklung der Kinder. <\/p>\n\n\n\n<figure class=\"wp-block-image size-large\"><img loading=\"lazy\" decoding=\"async\" width=\"1024\" height=\"768\" src=\"https:\/\/www.handball-ulm.de\/wp-content\/uploads\/2020\/03\/WhatsApp-Image-2020-03-07-at-16.05.28-1024x768.jpeg\" alt=\"\" class=\"wp-image-3077\" srcset=\"https:\/\/www.handball-ulm.de\/wp-content\/uploads\/2020\/03\/WhatsApp-Image-2020-03-07-at-16.05.28-1024x768.jpeg 1024w, https:\/\/www.handball-ulm.de\/wp-content\/uploads\/2020\/03\/WhatsApp-Image-2020-03-07-at-16.05.28-300x225.jpeg 300w, https:\/\/www.handball-ulm.de\/wp-content\/uploads\/2020\/03\/WhatsApp-Image-2020-03-07-at-16.05.28-768x576.jpeg 768w, https:\/\/www.handball-ulm.de\/wp-content\/uploads\/2020\/03\/WhatsApp-Image-2020-03-07-at-16.05.28-1536x1152.jpeg 1536w, https:\/\/www.handball-ulm.de\/wp-content\/uploads\/2020\/03\/WhatsApp-Image-2020-03-07-at-16.05.28-1170x878.jpeg 1170w, https:\/\/www.handball-ulm.de\/wp-content\/uploads\/2020\/03\/WhatsApp-Image-2020-03-07-at-16.05.28.jpeg 1600w\" sizes=\"(max-width: 1024px) 100vw, 1024px\" \/><\/figure>\n\n\n\n<p>Ab 13 Uhr zeigte die 1. Mannschaft der weiblichen D-Jugend, dass sie wirklich toll Handball spielen k\u00f6nnen. Die M\u00e4dchen lieferten sich ein langes Kopf an Kopf Rennen mit den G\u00e4sten aus Dornbirn\/\u00d6sterreich und konnten am Schlu\u00df aufgrund einer geschlossenen Mannschaftsleistung das Spiel mit 28:22! f\u00fcr sich entscheiden. Sie k\u00f6nnen ebenso wie ihre Trainer sehr stolz sein. <\/p>\n\n\n\n<p>Zur selben Zeit spielte die 2. weibliche D-Jugend in Ehingen. Auch dort war gro\u00dfer Kampf angesagt. Da die 2. Garde sich  wegen krankheitsbedingten Ausf\u00e4llen mit den M\u00e4dchen der E-Jugend verst\u00e4rken musste, reichte die Kraft leider nicht. Aber ge\u00e4rgert haben sie die Ehinger doch so richtig. Dinah, die mitgereiste Trainerin war zu recht stolz auf ihre Truppe.<\/p>\n\n\n\n<p>In der Tannenplatzhalle ging es nun Schlag auf Schlag. Frauen 2 gegen Burlafingen stand auf dem Programm. Bei einen 0:5 R\u00fcckstand rechnete im Publikum keiner so richtig mit einer \u00c4nderung und wurde angenehm \u00fcberrascht. Die Frauen um Brigitte Horn und Hanna Frantz machten ihrer Trainerin noch ein nachtr\u00e4gliches Geburtstagsgeschenk zum gestrigen Ehrentag. 29:22 hie\u00df der Endstand und das lie\u00df die Halle jubeln.<\/p>\n\n\n\n<figure class=\"wp-block-image size-large\"><img loading=\"lazy\" decoding=\"async\" width=\"920\" height=\"508\" src=\"https:\/\/www.handball-ulm.de\/wp-content\/uploads\/2020\/03\/Screenshot-185.png\" alt=\"\" class=\"wp-image-3110\" srcset=\"https:\/\/www.handball-ulm.de\/wp-content\/uploads\/2020\/03\/Screenshot-185.png 920w, https:\/\/www.handball-ulm.de\/wp-content\/uploads\/2020\/03\/Screenshot-185-300x166.png 300w, https:\/\/www.handball-ulm.de\/wp-content\/uploads\/2020\/03\/Screenshot-185-768x424.png 768w\" sizes=\"(max-width: 920px) 100vw, 920px\" \/><\/figure>\n\n\n\n<p>Landesliga weibliche C-Jugend stand als n\u00e4chstes auf dem Programm. Eigentlich hatten unsere M\u00e4dchen keine Chance gegen Favoriten G\u00f6ppingen. Doch diese nutzten sie. \u00c4hnlich wie die Frauen2 lagen sie anfangs mit teilweise f\u00fcnf Toren zur\u00fcck. Doch sie lie\u00dfen nie den Kopf h\u00e4ngen und k\u00e4mpften wie L\u00f6winnen. Das Ergebnis mit 27:25 ist der Lohn f\u00fcr ihre M\u00fchen. Beide Trainer liefen danach mit stolzgeschwellter Brust durch die Halle. Zurecht.<\/p>\n\n\n\n<figure class=\"wp-block-image size-large\"><img loading=\"lazy\" decoding=\"async\" width=\"269\" height=\"254\" src=\"https:\/\/www.handball-ulm.de\/wp-content\/uploads\/2020\/03\/Screenshot-183.png\" alt=\"\" class=\"wp-image-3109\"\/><\/figure>\n\n\n\n<p>Mittlerweile trudelten die ersten Sponsoren ein. DIe Halle f\u00fcllte sich weiter. Die Stimmung war pr\u00e4chtig. An dieser Stelle mal ein gro\u00dfer Dank an die unerm\u00fcdlichen Trommler und Beschaller der m\u00e4nnlichen A-Jugend und ihrem immer gr\u00f6\u00dfer werdenden begeisterten Gefolge.<\/p>\n\n\n\n<div class=\"wp-block-group\"><div class=\"wp-block-group__inner-container is-layout-flow wp-block-group-is-layout-flow\">\n<figure class=\"wp-block-image size-large\"><img loading=\"lazy\" decoding=\"async\" width=\"1024\" height=\"683\" src=\"https:\/\/www.handball-ulm.de\/wp-content\/uploads\/2020\/03\/MA5A5358-1-1024x683.jpg\" alt=\"\" class=\"wp-image-3102\" srcset=\"https:\/\/www.handball-ulm.de\/wp-content\/uploads\/2020\/03\/MA5A5358-1-1024x683.jpg 1024w, https:\/\/www.handball-ulm.de\/wp-content\/uploads\/2020\/03\/MA5A5358-1-300x200.jpg 300w, https:\/\/www.handball-ulm.de\/wp-content\/uploads\/2020\/03\/MA5A5358-1-768x512.jpg 768w, https:\/\/www.handball-ulm.de\/wp-content\/uploads\/2020\/03\/MA5A5358-1-600x400.jpg 600w, https:\/\/www.handball-ulm.de\/wp-content\/uploads\/2020\/03\/MA5A5358-1-1536x1024.jpg 1536w, https:\/\/www.handball-ulm.de\/wp-content\/uploads\/2020\/03\/MA5A5358-1-1170x780.jpg 1170w, https:\/\/www.handball-ulm.de\/wp-content\/uploads\/2020\/03\/MA5A5358-1.jpg 1920w\" sizes=\"(max-width: 1024px) 100vw, 1024px\" \/><\/figure>\n<\/div><\/div>\n\n\n\n<p>F\u00fcr die Bewirtung sorgten beide Frauenmannschaften und die Eltern der weiblichen C-Jugend. Die Sponsoren f\u00fchlten sich sichtlich wohl.<\/p>\n\n\n\n<div class=\"wp-block-image\"><figure class=\"alignright size-large is-resized\"><img loading=\"lazy\" decoding=\"async\" src=\"https:\/\/www.handball-ulm.de\/wp-content\/uploads\/2020\/03\/IMG_7371-1.jpg\" alt=\"\" class=\"wp-image-3081\" width=\"250\" height=\"227\" srcset=\"https:\/\/www.handball-ulm.de\/wp-content\/uploads\/2020\/03\/IMG_7371-1.jpg 769w, https:\/\/www.handball-ulm.de\/wp-content\/uploads\/2020\/03\/IMG_7371-1-300x272.jpg 300w\" sizes=\"(max-width: 250px) 100vw, 250px\" \/><\/figure><\/div>\n\n\n\n<p><\/p>\n\n\n\n<figure class=\"wp-block-image size-medium\"><img loading=\"lazy\" decoding=\"async\" width=\"200\" height=\"300\" src=\"https:\/\/www.handball-ulm.de\/wp-content\/uploads\/2020\/03\/MA5A5371-200x300.jpg\" alt=\"\" class=\"wp-image-3091\" srcset=\"https:\/\/www.handball-ulm.de\/wp-content\/uploads\/2020\/03\/MA5A5371-200x300.jpg 200w, https:\/\/www.handball-ulm.de\/wp-content\/uploads\/2020\/03\/MA5A5371-683x1024.jpg 683w, https:\/\/www.handball-ulm.de\/wp-content\/uploads\/2020\/03\/MA5A5371-768x1152.jpg 768w, https:\/\/www.handball-ulm.de\/wp-content\/uploads\/2020\/03\/MA5A5371-1024x1536.jpg 1024w, https:\/\/www.handball-ulm.de\/wp-content\/uploads\/2020\/03\/MA5A5371-1170x1755.jpg 1170w, https:\/\/www.handball-ulm.de\/wp-content\/uploads\/2020\/03\/MA5A5371.jpg 1280w\" sizes=\"(max-width: 200px) 100vw, 200px\" \/><\/figure>\n\n\n\n<figure class=\"wp-block-image size-large\"><img loading=\"lazy\" decoding=\"async\" width=\"1024\" height=\"683\" src=\"https:\/\/www.handball-ulm.de\/wp-content\/uploads\/2020\/03\/MA5A5372-1024x683.jpg\" alt=\"\" class=\"wp-image-3093\" srcset=\"https:\/\/www.handball-ulm.de\/wp-content\/uploads\/2020\/03\/MA5A5372-1024x683.jpg 1024w, https:\/\/www.handball-ulm.de\/wp-content\/uploads\/2020\/03\/MA5A5372-300x200.jpg 300w, https:\/\/www.handball-ulm.de\/wp-content\/uploads\/2020\/03\/MA5A5372-768x512.jpg 768w, https:\/\/www.handball-ulm.de\/wp-content\/uploads\/2020\/03\/MA5A5372-600x400.jpg 600w, https:\/\/www.handball-ulm.de\/wp-content\/uploads\/2020\/03\/MA5A5372-1536x1024.jpg 1536w, https:\/\/www.handball-ulm.de\/wp-content\/uploads\/2020\/03\/MA5A5372-1170x780.jpg 1170w, https:\/\/www.handball-ulm.de\/wp-content\/uploads\/2020\/03\/MA5A5372.jpg 1920w\" sizes=\"(max-width: 1024px) 100vw, 1024px\" \/><\/figure>\n\n\n\n<p>Ab 18 Uhr hei\u00dft es, anfeuern f\u00fcr die 1. Mannschaft unserer Frauen. Der Einsatz der Fans der SG Ulm &amp; Wiblingen lohnte sich. Das Spiel war an Spannung kaum zu \u00fcberbieten. Es wogte hin und her. Doch unsere Damen um Annkatrin Kr\u00e4uter und Lena Maier hatten die Nase immer ein bisschen weiter vorn als die Gegnerinnen aus Vogt. So gewannen sie sehr verdient mit 27:25. Die Halle brodelte. Das Trainergespann Schiele\/Sch\u00fcrmann war ebenso wie alle Zuschauer und Sponsoren sehr begeistert.<\/p>\n\n\n\n<div class=\"wp-block-group\"><div class=\"wp-block-group__inner-container is-layout-flow wp-block-group-is-layout-flow\">\n<figure class=\"wp-block-image size-large\"><img loading=\"lazy\" decoding=\"async\" width=\"1024\" height=\"398\" src=\"https:\/\/www.handball-ulm.de\/wp-content\/uploads\/2020\/03\/MA5A5393-1024x398.jpg\" alt=\"\" class=\"wp-image-3094\" srcset=\"https:\/\/www.handball-ulm.de\/wp-content\/uploads\/2020\/03\/MA5A5393-1024x398.jpg 1024w, https:\/\/www.handball-ulm.de\/wp-content\/uploads\/2020\/03\/MA5A5393-300x117.jpg 300w, https:\/\/www.handball-ulm.de\/wp-content\/uploads\/2020\/03\/MA5A5393-768x298.jpg 768w, https:\/\/www.handball-ulm.de\/wp-content\/uploads\/2020\/03\/MA5A5393-1536x597.jpg 1536w, https:\/\/www.handball-ulm.de\/wp-content\/uploads\/2020\/03\/MA5A5393-1170x455.jpg 1170w, https:\/\/www.handball-ulm.de\/wp-content\/uploads\/2020\/03\/MA5A5393.jpg 1920w\" sizes=\"(max-width: 1024px) 100vw, 1024px\" \/><\/figure>\n<\/div><\/div>\n\n\n\n<figure class=\"wp-block-image size-large\"><img loading=\"lazy\" decoding=\"async\" width=\"1024\" height=\"418\" src=\"https:\/\/www.handball-ulm.de\/wp-content\/uploads\/2020\/03\/MA5A5386-1024x418.jpg\" alt=\"\" class=\"wp-image-3099\" srcset=\"https:\/\/www.handball-ulm.de\/wp-content\/uploads\/2020\/03\/MA5A5386-1024x418.jpg 1024w, https:\/\/www.handball-ulm.de\/wp-content\/uploads\/2020\/03\/MA5A5386-300x122.jpg 300w, https:\/\/www.handball-ulm.de\/wp-content\/uploads\/2020\/03\/MA5A5386-768x313.jpg 768w, https:\/\/www.handball-ulm.de\/wp-content\/uploads\/2020\/03\/MA5A5386-1536x626.jpg 1536w, https:\/\/www.handball-ulm.de\/wp-content\/uploads\/2020\/03\/MA5A5386-1170x477.jpg 1170w, https:\/\/www.handball-ulm.de\/wp-content\/uploads\/2020\/03\/MA5A5386.jpg 1920w\" sizes=\"(max-width: 1024px) 100vw, 1024px\" \/><\/figure>\n\n\n\n<figure class=\"wp-block-image size-large\"><img loading=\"lazy\" decoding=\"async\" width=\"1024\" height=\"683\" src=\"https:\/\/www.handball-ulm.de\/wp-content\/uploads\/2020\/03\/MA5A5496-1-1024x683.jpg\" alt=\"\" class=\"wp-image-3100\" srcset=\"https:\/\/www.handball-ulm.de\/wp-content\/uploads\/2020\/03\/MA5A5496-1-1024x683.jpg 1024w, https:\/\/www.handball-ulm.de\/wp-content\/uploads\/2020\/03\/MA5A5496-1-300x200.jpg 300w, https:\/\/www.handball-ulm.de\/wp-content\/uploads\/2020\/03\/MA5A5496-1-768x512.jpg 768w, https:\/\/www.handball-ulm.de\/wp-content\/uploads\/2020\/03\/MA5A5496-1-600x400.jpg 600w, https:\/\/www.handball-ulm.de\/wp-content\/uploads\/2020\/03\/MA5A5496-1-1536x1024.jpg 1536w, https:\/\/www.handball-ulm.de\/wp-content\/uploads\/2020\/03\/MA5A5496-1-1170x780.jpg 1170w, https:\/\/www.handball-ulm.de\/wp-content\/uploads\/2020\/03\/MA5A5496-1.jpg 1920w\" sizes=\"(max-width: 1024px) 100vw, 1024px\" \/><\/figure>\n\n\n\n<p>Den letzten Einsatz an diesem Tag hatten die Herren der 1. Mannschaft unserer SG. Verst\u00e4rkt mit alten Hasen wie Timo DeVries und den Jungspunden aus der A-Jugend Andreas M\u00fcller und Johannes Miller lie\u00dfen sie den G\u00e4sten aus Saulgau nie ansatzweise eine Chance. H\u00e4tte unser Andi nicht ab und an frech in die Wurfzauberkiste gegriffen, w\u00e4re das Spiel beinahe langweilig geworden. <\/p>\n\n\n\n<p>Unser besonderer Dank geht heute an J\u00f6rg-Olaf Kauer, der als Schiri gleich zweimal bei uns auf der Platte stand und zwischendrin sogar noch in Burlafingen pfiff. Hut ab vor dieser Schiedsrichterleistung.<\/p>\n\n\n\n<p>Bei einem guten Rotwein oder anderen Getr\u00e4nk sa\u00dfen am Ende des langen sch\u00f6nen Tages unsere neuen Vorst\u00e4nde mit unseren Oldiefans beisammen und tauschten Erinnerungen und Anregungen aus. Wir freuten uns au\u00dferdem \u00fcber den Besuch von Ortwin Veile, Vorstand Sport SSV Ulm und Horst Wagner, Vorsitzender des Vorstands TV Wiblingen. <\/p>\n\n\n\n<p>Ein gelungenes Sponsorenevent, das auch im n\u00e4chsten Jahr wiederholt wird. Denn auf diesem Wege k\u00f6nnen wir Danke sagen an unsere G\u00f6nner. Danke.<\/p>\n\n\n\n<figure class=\"wp-block-image size-large\"><img loading=\"lazy\" decoding=\"async\" width=\"683\" height=\"1024\" src=\"https:\/\/www.handball-ulm.de\/wp-content\/uploads\/2020\/03\/MA5A5368-683x1024.jpg\" alt=\"\" class=\"wp-image-3103\" srcset=\"https:\/\/www.handball-ulm.de\/wp-content\/uploads\/2020\/03\/MA5A5368-683x1024.jpg 683w, https:\/\/www.handball-ulm.de\/wp-content\/uploads\/2020\/03\/MA5A5368-200x300.jpg 200w, https:\/\/www.handball-ulm.de\/wp-content\/uploads\/2020\/03\/MA5A5368-768x1152.jpg 768w, https:\/\/www.handball-ulm.de\/wp-content\/uploads\/2020\/03\/MA5A5368-1024x1536.jpg 1024w, https:\/\/www.handball-ulm.de\/wp-content\/uploads\/2020\/03\/MA5A5368-1170x1755.jpg 1170w, https:\/\/www.handball-ulm.de\/wp-content\/uploads\/2020\/03\/MA5A5368.jpg 1280w\" sizes=\"(max-width: 683px) 100vw, 683px\" \/><\/figure>\n","protected":false},"excerpt":{"rendered":"<p>Ein wunderbar erfolgreicher langer Tag f\u00fcr die SG Ulm &amp; Wiblingen ging um Mitternacht zu Ende. Schon zu fr\u00fcher Stunde begann der Tag mit einem Sieg der weiblichen B-Jugend gegen Isny. Die gemischte D-Jugend gab die Punkte zwar mit nach Wangen. Doch die Trainer waren mehr als zufrieden \u00fcber die Entwicklung der Kinder. Ab 13 [&hellip;]<\/p>\n<br\/><br\/><a class=\"read-more\" href=\"https:\/\/www.handball-ulm.de\/?p=3076\"> Mehr lesen...<\/a>","protected":false},"author":10,"featured_media":3085,"comment_status":"closed","ping_status":"closed","sticky":false,"template":"","format":"standard","meta":{"ngg_post_thumbnail":0,"footnotes":""},"categories":[1,66,8,63],"tags":[],"_links":{"self":[{"href":"https:\/\/www.handball-ulm.de\/index.php?rest_route=\/wp\/v2\/posts\/3076"}],"collection":[{"href":"https:\/\/www.handball-ulm.de\/index.php?rest_route=\/wp\/v2\/posts"}],"about":[{"href":"https:\/\/www.handball-ulm.de\/index.php?rest_route=\/wp\/v2\/types\/post"}],"author":[{"embeddable":true,"href":"https:\/\/www.handball-ulm.de\/index.php?rest_route=\/wp\/v2\/users\/10"}],"replies":[{"embeddable":true,"href":"https:\/\/www.handball-ulm.de\/index.php?rest_route=%2Fwp%2Fv2%2Fcomments&post=3076"}],"version-history":[{"count":8,"href":"https:\/\/www.handball-ulm.de\/index.php?rest_route=\/wp\/v2\/posts\/3076\/revisions"}],"predecessor-version":[{"id":3125,"href":"https:\/\/www.handball-ulm.de\/index.php?rest_route=\/wp\/v2\/posts\/3076\/revisions\/3125"}],"wp:featuredmedia":[{"embeddable":true,"href":"https:\/\/www.handball-ulm.de\/index.php?rest_route=\/wp\/v2\/media\/3085"}],"wp:attachment":[{"href":"https:\/\/www.handball-ulm.de\/index.php?rest_route=%2Fwp%2Fv2%2Fmedia&parent=3076"}],"wp:term":[{"taxonomy":"category","embeddable":true,"href":"https:\/\/www.handball-ulm.de\/index.php?rest_route=%2Fwp%2Fv2%2Fcategories&post=3076"},{"taxonomy":"post_tag","embeddable":true,"href":"https:\/\/www.handball-ulm.de\/index.php?rest_route=%2Fwp%2Fv2%2Ftags&post=3076"}],"curies":[{"name":"wp","href":"https:\/\/api.w.org\/{rel}","templated":true}]}}