{"id":2784,"date":"2020-02-26T20:12:00","date_gmt":"2020-02-26T19:12:00","guid":{"rendered":"https:\/\/www.handball-ulm.de\/?p=2784"},"modified":"2020-05-02T21:45:13","modified_gmt":"2020-05-02T19:45:13","slug":"handballcamp-2020-kinder","status":"publish","type":"post","link":"https:\/\/www.handball-ulm.de\/?p=2784","title":{"rendered":"Handballcamp 2020 Kinder"},"content":{"rendered":"\n<p>Regen, Schnee, Sturm. Ideales Kindercampwetter.  <\/p>\n\n\n\n<p>Seit Mittwoch, 26.02.2020 8:00 Uhr wuselt es wieder in der  Ballspielhalle Ulm. Etwas mehr als 60 Kinder tummeln sich im  Handballcamp der SG Ulm &amp; Wiblingen. <\/p>\n\n\n\n<figure class=\"wp-block-image size-large\"><img loading=\"lazy\" decoding=\"async\" width=\"540\" height=\"430\" src=\"https:\/\/www.handball-ulm.de\/wp-content\/uploads\/2020\/02\/IMG_6694-Kopie.jpg\" alt=\"\" class=\"wp-image-2790\" srcset=\"https:\/\/www.handball-ulm.de\/wp-content\/uploads\/2020\/02\/IMG_6694-Kopie.jpg 540w, https:\/\/www.handball-ulm.de\/wp-content\/uploads\/2020\/02\/IMG_6694-Kopie-300x239.jpg 300w\" sizes=\"(max-width: 540px) 100vw, 540px\" \/><\/figure>\n\n\n\n<p> 15 Trainer der SG sorgen daf\u00fcr, dass die Kinder gut betreut sind und au\u00dferdem m\u00f6glichst viel lernen.  <\/p>\n\n\n\n<figure class=\"wp-block-image size-large\"><img loading=\"lazy\" decoding=\"async\" width=\"861\" height=\"807\" src=\"https:\/\/www.handball-ulm.de\/wp-content\/uploads\/2020\/02\/IMG_6540-Kopie.jpg\" alt=\"\" class=\"wp-image-2785\" srcset=\"https:\/\/www.handball-ulm.de\/wp-content\/uploads\/2020\/02\/IMG_6540-Kopie.jpg 861w, https:\/\/www.handball-ulm.de\/wp-content\/uploads\/2020\/02\/IMG_6540-Kopie-300x281.jpg 300w, https:\/\/www.handball-ulm.de\/wp-content\/uploads\/2020\/02\/IMG_6540-Kopie-768x720.jpg 768w\" sizes=\"(max-width: 861px) 100vw, 861px\" \/><\/figure>\n\n\n\n<p>Als Geschenk gibt es das obligatorische Camp &#8211; T-Shirt und ein cooles Hummel-Handtuch.<\/p>\n\n\n\n<figure class=\"wp-block-image size-large\"><img loading=\"lazy\" decoding=\"async\" width=\"643\" height=\"368\" src=\"https:\/\/www.handball-ulm.de\/wp-content\/uploads\/2020\/02\/IMG_6544-Kopie.jpg\" alt=\"\" class=\"wp-image-2786\" srcset=\"https:\/\/www.handball-ulm.de\/wp-content\/uploads\/2020\/02\/IMG_6544-Kopie.jpg 643w, https:\/\/www.handball-ulm.de\/wp-content\/uploads\/2020\/02\/IMG_6544-Kopie-300x172.jpg 300w\" sizes=\"(max-width: 643px) 100vw, 643px\" \/><\/figure>\n\n\n\n<p>Schon sehr fr\u00fch war die Liste voll und eine gro\u00dfe Warteliste stand bereit. Das spricht nat\u00fcrlich f\u00fcr uns und unsere gute Qualit\u00e4t.   Fast alle Kinder, die schon mal im Camp waren, wollen wieder kommen.<\/p>\n\n\n\n<figure class=\"wp-block-image size-large\"><img decoding=\"async\" src=\"https:\/\/www.handball-ulm.de\/wp-content\/uploads\/2020\/02\/IMG_6552-Kopie.jpg\" alt=\"\" class=\"wp-image-2787\"\/><\/figure>\n\n\n\n<p>Die Kinder lernen im Camp viel Kooordinatives. Einen Vorteil haben dabei nat\u00fcrlich die Kinder der SG Ulm &amp; Wiblingen, denn Koordination ist ein Steckenpferd aller SG Trainer.<\/p>\n\n\n\n<figure class=\"wp-block-image size-large\"><img loading=\"lazy\" decoding=\"async\" width=\"1024\" height=\"687\" src=\"https:\/\/www.handball-ulm.de\/wp-content\/uploads\/2020\/02\/IMG_6563-1024x687.jpg\" alt=\"\" class=\"wp-image-2788\" srcset=\"https:\/\/www.handball-ulm.de\/wp-content\/uploads\/2020\/02\/IMG_6563-1024x687.jpg 1024w, https:\/\/www.handball-ulm.de\/wp-content\/uploads\/2020\/02\/IMG_6563-300x201.jpg 300w, https:\/\/www.handball-ulm.de\/wp-content\/uploads\/2020\/02\/IMG_6563-768x515.jpg 768w, https:\/\/www.handball-ulm.de\/wp-content\/uploads\/2020\/02\/IMG_6563-1536x1031.jpg 1536w, https:\/\/www.handball-ulm.de\/wp-content\/uploads\/2020\/02\/IMG_6563-2048x1375.jpg 2048w, https:\/\/www.handball-ulm.de\/wp-content\/uploads\/2020\/02\/IMG_6563-1170x785.jpg 1170w\" sizes=\"(max-width: 1024px) 100vw, 1024px\" \/><\/figure>\n\n\n\n<p>Das Wichtigste ist nat\u00fcrlich der Spa\u00df. Der kommt in den drei Tagen in der Ballspielhalle nicht zu kurz. Viele Spiele, Denkaufgaben und Handball, Handball, Handball stehen auf dem Programm.<\/p>\n\n\n\n<figure class=\"wp-block-image size-large\"><img loading=\"lazy\" decoding=\"async\" width=\"425\" height=\"462\" src=\"https:\/\/www.handball-ulm.de\/wp-content\/uploads\/2020\/02\/IMG_6944-Kopie.jpg\" alt=\"\" class=\"wp-image-2791\" srcset=\"https:\/\/www.handball-ulm.de\/wp-content\/uploads\/2020\/02\/IMG_6944-Kopie.jpg 425w, https:\/\/www.handball-ulm.de\/wp-content\/uploads\/2020\/02\/IMG_6944-Kopie-276x300.jpg 276w\" sizes=\"(max-width: 425px) 100vw, 425px\" \/><\/figure>\n\n\n\n<p>Unser Kooperationspartner von der AOK Ulm-Biberach besuchte uns am Donnerstag. Es gab viele Informationen \u00fcber Zucker und CO.<\/p>\n\n\n\n<p>Das Gruppenbild durfte nat\u00fcrlich auch nicht fehlen!<\/p>\n\n\n\n<figure class=\"wp-block-image size-large\"><img loading=\"lazy\" decoding=\"async\" width=\"1024\" height=\"683\" src=\"https:\/\/www.handball-ulm.de\/wp-content\/uploads\/2020\/02\/MA5A4872-1024x683.jpg\" alt=\"\" class=\"wp-image-2796\" srcset=\"https:\/\/www.handball-ulm.de\/wp-content\/uploads\/2020\/02\/MA5A4872-1024x683.jpg 1024w, https:\/\/www.handball-ulm.de\/wp-content\/uploads\/2020\/02\/MA5A4872-300x200.jpg 300w, https:\/\/www.handball-ulm.de\/wp-content\/uploads\/2020\/02\/MA5A4872-768x512.jpg 768w, https:\/\/www.handball-ulm.de\/wp-content\/uploads\/2020\/02\/MA5A4872-600x400.jpg 600w, https:\/\/www.handball-ulm.de\/wp-content\/uploads\/2020\/02\/MA5A4872-1536x1024.jpg 1536w, https:\/\/www.handball-ulm.de\/wp-content\/uploads\/2020\/02\/MA5A4872-1170x780.jpg 1170w, https:\/\/www.handball-ulm.de\/wp-content\/uploads\/2020\/02\/MA5A4872.jpg 1920w\" sizes=\"(max-width: 1024px) 100vw, 1024px\" \/><\/figure>\n\n\n\n<p><a href=\"https:\/\/www.handball-ulm.de\/?page_id=91\">Die Bilder sind nun in der Galerie verf\u00fcgbar<\/a>. <\/p>\n","protected":false},"excerpt":{"rendered":"<p>Regen, Schnee, Sturm. Ideales Kindercampwetter. Seit Mittwoch, 26.02.2020 8:00 Uhr wuselt es wieder in der Ballspielhalle Ulm. Etwas mehr als 60 Kinder tummeln sich im Handballcamp der SG Ulm &amp; Wiblingen. 15 Trainer der SG sorgen daf\u00fcr, dass die Kinder gut betreut sind und au\u00dferdem m\u00f6glichst viel lernen. Als Geschenk gibt es das obligatorische Camp [&hellip;]<\/p>\n<br\/><br\/><a class=\"read-more\" href=\"https:\/\/www.handball-ulm.de\/?p=2784\"> Mehr lesen...<\/a>","protected":false},"author":10,"featured_media":2789,"comment_status":"closed","ping_status":"closed","sticky":false,"template":"","format":"standard","meta":{"ngg_post_thumbnail":0,"footnotes":""},"categories":[66,65,8,63],"tags":[],"_links":{"self":[{"href":"https:\/\/www.handball-ulm.de\/index.php?rest_route=\/wp\/v2\/posts\/2784"}],"collection":[{"href":"https:\/\/www.handball-ulm.de\/index.php?rest_route=\/wp\/v2\/posts"}],"about":[{"href":"https:\/\/www.handball-ulm.de\/index.php?rest_route=\/wp\/v2\/types\/post"}],"author":[{"embeddable":true,"href":"https:\/\/www.handball-ulm.de\/index.php?rest_route=\/wp\/v2\/users\/10"}],"replies":[{"embeddable":true,"href":"https:\/\/www.handball-ulm.de\/index.php?rest_route=%2Fwp%2Fv2%2Fcomments&post=2784"}],"version-history":[{"count":4,"href":"https:\/\/www.handball-ulm.de\/index.php?rest_route=\/wp\/v2\/posts\/2784\/revisions"}],"predecessor-version":[{"id":3061,"href":"https:\/\/www.handball-ulm.de\/index.php?rest_route=\/wp\/v2\/posts\/2784\/revisions\/3061"}],"wp:featuredmedia":[{"embeddable":true,"href":"https:\/\/www.handball-ulm.de\/index.php?rest_route=\/wp\/v2\/media\/2789"}],"wp:attachment":[{"href":"https:\/\/www.handball-ulm.de\/index.php?rest_route=%2Fwp%2Fv2%2Fmedia&parent=2784"}],"wp:term":[{"taxonomy":"category","embeddable":true,"href":"https:\/\/www.handball-ulm.de\/index.php?rest_route=%2Fwp%2Fv2%2Fcategories&post=2784"},{"taxonomy":"post_tag","embeddable":true,"href":"https:\/\/www.handball-ulm.de\/index.php?rest_route=%2Fwp%2Fv2%2Ftags&post=2784"}],"curies":[{"name":"wp","href":"https:\/\/api.w.org\/{rel}","templated":true}]}}