{"id":2776,"date":"2020-02-25T20:08:00","date_gmt":"2020-02-25T19:08:00","guid":{"rendered":"https:\/\/www.handball-ulm.de\/?p=2776"},"modified":"2020-05-02T21:45:13","modified_gmt":"2020-05-02T19:45:13","slug":"jugendcamp-2020","status":"publish","type":"post","link":"https:\/\/www.handball-ulm.de\/?p=2776","title":{"rendered":"Handballcamp 2020 Jugend"},"content":{"rendered":"<p><!--StartFragment--><\/p>\n\n\n<figure class=\"wp-block-image size-large\"><img loading=\"lazy\" decoding=\"async\" width=\"1024\" height=\"477\" src=\"https:\/\/www.handball-ulm.de\/wp-content\/uploads\/2020\/02\/IMG_6490-Kopie-1024x477.jpg\" alt=\"\" class=\"wp-image-2777\" srcset=\"https:\/\/www.handball-ulm.de\/wp-content\/uploads\/2020\/02\/IMG_6490-Kopie-1024x477.jpg 1024w, https:\/\/www.handball-ulm.de\/wp-content\/uploads\/2020\/02\/IMG_6490-Kopie-300x140.jpg 300w, https:\/\/www.handball-ulm.de\/wp-content\/uploads\/2020\/02\/IMG_6490-Kopie-768x358.jpg 768w, https:\/\/www.handball-ulm.de\/wp-content\/uploads\/2020\/02\/IMG_6490-Kopie.jpg 1052w\" sizes=\"(max-width: 1024px) 100vw, 1024px\" \/><\/figure>\n\n\n\n<p>Das Jugend Camp war richtig cool  mit den &#8222;gro\u00dfen&#8220; Handballern und A-Jugend Bundesligatrainer Stephan Hofmeister, Dieter Schiele und B-Lizenztrainerin Annkatrin Kr\u00e4uter. <\/p>\n\n\n\n<figure class=\"wp-block-image size-large\"><img loading=\"lazy\" decoding=\"async\" width=\"719\" height=\"779\" src=\"https:\/\/www.handball-ulm.de\/wp-content\/uploads\/2020\/02\/IMG_6513-Kopie.jpg\" alt=\"\" class=\"wp-image-2778\" srcset=\"https:\/\/www.handball-ulm.de\/wp-content\/uploads\/2020\/02\/IMG_6513-Kopie.jpg 719w, https:\/\/www.handball-ulm.de\/wp-content\/uploads\/2020\/02\/IMG_6513-Kopie-277x300.jpg 277w\" sizes=\"(max-width: 719px) 100vw, 719px\" \/><\/figure>\n\n\n\n<p>Danke!Und gro\u00dfes  Danke an unseren Kooperationspartner Aok Ulm Biberach.<\/p>\n\n\n\n<figure class=\"wp-block-image size-large\"><img decoding=\"async\" src=\"https:\/\/www.handball-ulm.de\/wp-content\/uploads\/2020\/02\/IMG_6512-Kopie.jpg\" alt=\"\" class=\"wp-image-2779\"\/><\/figure>\n\n\n\n<p>Spieler aus G\u00fcnzburg, Laupheim, V\u00f6hringen, Lonsee, Bernstadt, S\u00f6flingen und nat\u00fcrlich Ulm waren dabei und haben mit Sicherheit viel gelernt. <\/p>\n\n\n\n<figure class=\"wp-block-image size-large\"><img loading=\"lazy\" decoding=\"async\" width=\"643\" height=\"227\" src=\"https:\/\/www.handball-ulm.de\/wp-content\/uploads\/2020\/02\/IMG_6478-Kopie.jpg\" alt=\"\" class=\"wp-image-2780\" srcset=\"https:\/\/www.handball-ulm.de\/wp-content\/uploads\/2020\/02\/IMG_6478-Kopie.jpg 643w, https:\/\/www.handball-ulm.de\/wp-content\/uploads\/2020\/02\/IMG_6478-Kopie-300x106.jpg 300w\" sizes=\"(max-width: 643px) 100vw, 643px\" \/><\/figure>\n\n\n\n<p>Zumindest der Muskelkater war bei allen, die gut mittrainiert haben, gewi\u00df.<\/p>\n\n\n\n<p>Wir sagen au\u00dferdem Danke an Klumpi f\u00fcr die hervorragende Bewirtung.<\/p>\n\n\n\n<p><a href=\"https:\/\/www.handball-ulm.de\/?page_id=91\">Die Bilder sind nun in der Galerie verf\u00fcgbar! <\/a><\/p>\n\n\n\n<figure class=\"wp-block-image size-large\"><img loading=\"lazy\" decoding=\"async\" width=\"1024\" height=\"683\" src=\"https:\/\/www.handball-ulm.de\/wp-content\/uploads\/2020\/02\/MA5A4808-1024x683.jpg\" alt=\"\" class=\"wp-image-2769\" srcset=\"https:\/\/www.handball-ulm.de\/wp-content\/uploads\/2020\/02\/MA5A4808-1024x683.jpg 1024w, https:\/\/www.handball-ulm.de\/wp-content\/uploads\/2020\/02\/MA5A4808-300x200.jpg 300w, https:\/\/www.handball-ulm.de\/wp-content\/uploads\/2020\/02\/MA5A4808-768x512.jpg 768w, https:\/\/www.handball-ulm.de\/wp-content\/uploads\/2020\/02\/MA5A4808-600x400.jpg 600w, https:\/\/www.handball-ulm.de\/wp-content\/uploads\/2020\/02\/MA5A4808-1536x1024.jpg 1536w, https:\/\/www.handball-ulm.de\/wp-content\/uploads\/2020\/02\/MA5A4808-1170x780.jpg 1170w, https:\/\/www.handball-ulm.de\/wp-content\/uploads\/2020\/02\/MA5A4808.jpg 1920w\" sizes=\"(max-width: 1024px) 100vw, 1024px\" \/><figcaption>Alle B\u00e4lle fliegen hoch &#8211; das Jugend-Camp 2020!<\/figcaption><\/figure>\n\n\n<p><!--EndFragment--><\/p>","protected":false},"excerpt":{"rendered":"<p>Das Jugend Camp war richtig cool mit den &#8222;gro\u00dfen&#8220; Handballern und A-Jugend Bundesligatrainer Stephan Hofmeister, Dieter Schiele und B-Lizenztrainerin Annkatrin Kr\u00e4uter. Danke!Und gro\u00dfes Danke an unseren Kooperationspartner Aok Ulm Biberach. Spieler aus G\u00fcnzburg, Laupheim, V\u00f6hringen, Lonsee, Bernstadt, S\u00f6flingen und nat\u00fcrlich Ulm waren dabei und haben mit Sicherheit viel gelernt. Zumindest der Muskelkater war bei allen, [&hellip;]<\/p>\n<br\/><br\/><a class=\"read-more\" href=\"https:\/\/www.handball-ulm.de\/?p=2776\"> Mehr lesen...<\/a>","protected":false},"author":10,"featured_media":2769,"comment_status":"closed","ping_status":"closed","sticky":false,"template":"","format":"standard","meta":{"ngg_post_thumbnail":0,"footnotes":""},"categories":[1,66,65,8,63],"tags":[],"_links":{"self":[{"href":"https:\/\/www.handball-ulm.de\/index.php?rest_route=\/wp\/v2\/posts\/2776"}],"collection":[{"href":"https:\/\/www.handball-ulm.de\/index.php?rest_route=\/wp\/v2\/posts"}],"about":[{"href":"https:\/\/www.handball-ulm.de\/index.php?rest_route=\/wp\/v2\/types\/post"}],"author":[{"embeddable":true,"href":"https:\/\/www.handball-ulm.de\/index.php?rest_route=\/wp\/v2\/users\/10"}],"replies":[{"embeddable":true,"href":"https:\/\/www.handball-ulm.de\/index.php?rest_route=%2Fwp%2Fv2%2Fcomments&post=2776"}],"version-history":[{"count":5,"href":"https:\/\/www.handball-ulm.de\/index.php?rest_route=\/wp\/v2\/posts\/2776\/revisions"}],"predecessor-version":[{"id":3059,"href":"https:\/\/www.handball-ulm.de\/index.php?rest_route=\/wp\/v2\/posts\/2776\/revisions\/3059"}],"wp:featuredmedia":[{"embeddable":true,"href":"https:\/\/www.handball-ulm.de\/index.php?rest_route=\/wp\/v2\/media\/2769"}],"wp:attachment":[{"href":"https:\/\/www.handball-ulm.de\/index.php?rest_route=%2Fwp%2Fv2%2Fmedia&parent=2776"}],"wp:term":[{"taxonomy":"category","embeddable":true,"href":"https:\/\/www.handball-ulm.de\/index.php?rest_route=%2Fwp%2Fv2%2Fcategories&post=2776"},{"taxonomy":"post_tag","embeddable":true,"href":"https:\/\/www.handball-ulm.de\/index.php?rest_route=%2Fwp%2Fv2%2Ftags&post=2776"}],"curies":[{"name":"wp","href":"https:\/\/api.w.org\/{rel}","templated":true}]}}