{"id":2404,"date":"2020-01-25T01:07:00","date_gmt":"2020-01-25T00:07:00","guid":{"rendered":"https:\/\/www.handball-ulm.de\/?p=2404"},"modified":"2020-05-02T21:45:17","modified_gmt":"2020-05-02T19:45:17","slug":"handball-em-2020","status":"publish","type":"post","link":"https:\/\/www.handball-ulm.de\/?p=2404","title":{"rendered":"Handball EM 2020"},"content":{"rendered":"\n<p><strong>Mittendrin statt nur dabei<\/strong><\/p>\n\n\n\n<p>Das ist die Devise unserer zwei Hardcorefans Steffi Rundel\nund Axel Sch\u00fcrmann. W\u00e4hrend wir zu Hause an den Bildschirmen klebten und unsere\ndeutschen Nationalm\u00e4nner anfeuerten, waren Steffi und Axel wie bei fast jedem\nEvent direkt vor Ort in Wien.<\/p>\n\n\n\n<figure class=\"wp-block-image size-large\"><img loading=\"lazy\" decoding=\"async\" width=\"1024\" height=\"576\" src=\"https:\/\/www.handball-ulm.de\/wp-content\/uploads\/2020\/02\/Handball-EM-1024x576.jpeg\" alt=\"\" class=\"wp-image-2405\" srcset=\"https:\/\/www.handball-ulm.de\/wp-content\/uploads\/2020\/02\/Handball-EM-1024x576.jpeg 1024w, https:\/\/www.handball-ulm.de\/wp-content\/uploads\/2020\/02\/Handball-EM-300x169.jpeg 300w, https:\/\/www.handball-ulm.de\/wp-content\/uploads\/2020\/02\/Handball-EM-768x432.jpeg 768w, https:\/\/www.handball-ulm.de\/wp-content\/uploads\/2020\/02\/Handball-EM-1536x864.jpeg 1536w, https:\/\/www.handball-ulm.de\/wp-content\/uploads\/2020\/02\/Handball-EM-1170x658.jpeg 1170w, https:\/\/www.handball-ulm.de\/wp-content\/uploads\/2020\/02\/Handball-EM.jpeg 1599w\" sizes=\"(max-width: 1024px) 100vw, 1024px\" \/><\/figure>\n\n\n\n<p>Geholfen hat der Einsatz nur bedingt, aber sch\u00f6n war es\ndoch.<\/p>\n\n\n\n<p>Viele Mannschaften schauten gemeinsam und debattierten\nheftig \u00fcber gelungene oder weniger Aktionen der deutschen Mannschaft. Selbst\nunsere Leitungssitzung musste warten, bis das Em Spiel vorbei war. <\/p>\n\n\n\n<p>Der abschlie\u00dfende 5. Platz der Nationalmannschaft stimmt vers\u00f6hnlich und l\u00e4sst auf mehr hoffen.<\/p>\n\n\n\n<figure class=\"wp-block-image size-large\"><img loading=\"lazy\" decoding=\"async\" width=\"1024\" height=\"768\" src=\"https:\/\/www.handball-ulm.de\/wp-content\/uploads\/2020\/02\/WhatsApp-Image-2020-01-11-at-20.28.57-1024x768.jpeg\" alt=\"\" class=\"wp-image-2406\" srcset=\"https:\/\/www.handball-ulm.de\/wp-content\/uploads\/2020\/02\/WhatsApp-Image-2020-01-11-at-20.28.57-1024x768.jpeg 1024w, https:\/\/www.handball-ulm.de\/wp-content\/uploads\/2020\/02\/WhatsApp-Image-2020-01-11-at-20.28.57-300x225.jpeg 300w, https:\/\/www.handball-ulm.de\/wp-content\/uploads\/2020\/02\/WhatsApp-Image-2020-01-11-at-20.28.57-768x576.jpeg 768w, https:\/\/www.handball-ulm.de\/wp-content\/uploads\/2020\/02\/WhatsApp-Image-2020-01-11-at-20.28.57-1536x1152.jpeg 1536w, https:\/\/www.handball-ulm.de\/wp-content\/uploads\/2020\/02\/WhatsApp-Image-2020-01-11-at-20.28.57-1170x878.jpeg 1170w, https:\/\/www.handball-ulm.de\/wp-content\/uploads\/2020\/02\/WhatsApp-Image-2020-01-11-at-20.28.57.jpeg 1600w\" sizes=\"(max-width: 1024px) 100vw, 1024px\" \/><\/figure>\n","protected":false},"excerpt":{"rendered":"<p>Mittendrin statt nur dabei Das ist die Devise unserer zwei Hardcorefans Steffi Rundel und Axel Sch\u00fcrmann. W\u00e4hrend wir zu Hause an den Bildschirmen klebten und unsere deutschen Nationalm\u00e4nner anfeuerten, waren Steffi und Axel wie bei fast jedem Event direkt vor Ort in Wien. Geholfen hat der Einsatz nur bedingt, aber sch\u00f6n war es doch. Viele [&hellip;]<\/p>\n<br\/><br\/><a class=\"read-more\" href=\"https:\/\/www.handball-ulm.de\/?p=2404\"> Mehr lesen...<\/a>","protected":false},"author":10,"featured_media":2407,"comment_status":"closed","ping_status":"closed","sticky":false,"template":"","format":"standard","meta":{"ngg_post_thumbnail":0,"footnotes":""},"categories":[66,8,63],"tags":[],"_links":{"self":[{"href":"https:\/\/www.handball-ulm.de\/index.php?rest_route=\/wp\/v2\/posts\/2404"}],"collection":[{"href":"https:\/\/www.handball-ulm.de\/index.php?rest_route=\/wp\/v2\/posts"}],"about":[{"href":"https:\/\/www.handball-ulm.de\/index.php?rest_route=\/wp\/v2\/types\/post"}],"author":[{"embeddable":true,"href":"https:\/\/www.handball-ulm.de\/index.php?rest_route=\/wp\/v2\/users\/10"}],"replies":[{"embeddable":true,"href":"https:\/\/www.handball-ulm.de\/index.php?rest_route=%2Fwp%2Fv2%2Fcomments&post=2404"}],"version-history":[{"count":1,"href":"https:\/\/www.handball-ulm.de\/index.php?rest_route=\/wp\/v2\/posts\/2404\/revisions"}],"predecessor-version":[{"id":2408,"href":"https:\/\/www.handball-ulm.de\/index.php?rest_route=\/wp\/v2\/posts\/2404\/revisions\/2408"}],"wp:featuredmedia":[{"embeddable":true,"href":"https:\/\/www.handball-ulm.de\/index.php?rest_route=\/wp\/v2\/media\/2407"}],"wp:attachment":[{"href":"https:\/\/www.handball-ulm.de\/index.php?rest_route=%2Fwp%2Fv2%2Fmedia&parent=2404"}],"wp:term":[{"taxonomy":"category","embeddable":true,"href":"https:\/\/www.handball-ulm.de\/index.php?rest_route=%2Fwp%2Fv2%2Fcategories&post=2404"},{"taxonomy":"post_tag","embeddable":true,"href":"https:\/\/www.handball-ulm.de\/index.php?rest_route=%2Fwp%2Fv2%2Ftags&post=2404"}],"curies":[{"name":"wp","href":"https:\/\/api.w.org\/{rel}","templated":true}]}}