{"id":2400,"date":"2020-02-01T01:07:11","date_gmt":"2020-02-01T00:07:11","guid":{"rendered":"https:\/\/www.handball-ulm.de\/?p=2400"},"modified":"2020-05-02T21:45:16","modified_gmt":"2020-05-02T19:45:16","slug":"trainerwechsel-maenner-1-und-frauen-1-zur-neuen-saison","status":"publish","type":"post","link":"https:\/\/www.handball-ulm.de\/?p=2400","title":{"rendered":"Trainerwechsel M\u00e4nner 1 und Frauen 1 zur neuen Saison"},"content":{"rendered":"\n<p><\/p>\n\n\n\n<p>Nach der 5. erfolgreichen Saison in der Bezirksklasse und\nBezirksliga gibt Andreas Schiele sein Traineramt bei unserer 1.\nFrauen-Mannschaft ab. Andi ist ein richtiges SG-Urgestein: vom Spieler \u00fcber\nJugendtrainer zum Trainer Frauen Bezirksliga. Ab April 2020 wird er f\u00fcr unsere\n1. M\u00e4nner-Mannschaft verantwortlich sein. Mit seiner umg\u00e4nglichen Art hatte er\nunsere M\u00e4dels stets im Griff. Dieses gl\u00fcckliche H\u00e4ndchen w\u00fcnschen wir ihm\nnat\u00fcrlich auch bei unseren M\u00e4nnern. Wir danken dem Co-Trainer Axel Sch\u00fcrmann\nf\u00fcr sein jahrelanges Engagement bei den Frauen. Er bleibt uns in anderer\nFunktion erhalten.<\/p>\n\n\n\n<figure class=\"wp-block-image size-large\"><img loading=\"lazy\" decoding=\"async\" width=\"1024\" height=\"1002\" src=\"https:\/\/www.handball-ulm.de\/wp-content\/uploads\/2020\/02\/Neuer-Trainer_Andi_Schiele-1024x1002.jpg\" alt=\"\" class=\"wp-image-2401\" srcset=\"https:\/\/www.handball-ulm.de\/wp-content\/uploads\/2020\/02\/Neuer-Trainer_Andi_Schiele-1024x1002.jpg 1024w, https:\/\/www.handball-ulm.de\/wp-content\/uploads\/2020\/02\/Neuer-Trainer_Andi_Schiele-300x293.jpg 300w, https:\/\/www.handball-ulm.de\/wp-content\/uploads\/2020\/02\/Neuer-Trainer_Andi_Schiele-768x751.jpg 768w, https:\/\/www.handball-ulm.de\/wp-content\/uploads\/2020\/02\/Neuer-Trainer_Andi_Schiele-1536x1502.jpg 1536w, https:\/\/www.handball-ulm.de\/wp-content\/uploads\/2020\/02\/Neuer-Trainer_Andi_Schiele-2048x2003.jpg 2048w, https:\/\/www.handball-ulm.de\/wp-content\/uploads\/2020\/02\/Neuer-Trainer_Andi_Schiele-1170x1144.jpg 1170w\" sizes=\"(max-width: 1024px) 100vw, 1024px\" \/><\/figure>\n\n\n\n<p>Den frei werdenden Posten bei der 1. Frauen-Mannschaft\n\u00fcbernimmt Werner Drexler mit Unterst\u00fctzung von Nadine G\u00f6tz. Werner ist bei der\nSG kein Unbekannter. Von 2016 bis 2018 war er bereits Trainer unserer\nM\u00e4nner1-Mannschaft in der Bezirksliga. Naddl beendet ihre aktive Laufbahn und\nfreut sich schon darauf, ihre Erfahrung und ihren Elan einzubringen. <\/p>\n\n\n\n<figure class=\"wp-block-image size-large\"><img loading=\"lazy\" decoding=\"async\" width=\"966\" height=\"1024\" src=\"https:\/\/www.handball-ulm.de\/wp-content\/uploads\/2020\/02\/Neuer-Trainer_Werner_Drexler-966x1024.jpg\" alt=\"\" class=\"wp-image-2402\" srcset=\"https:\/\/www.handball-ulm.de\/wp-content\/uploads\/2020\/02\/Neuer-Trainer_Werner_Drexler-966x1024.jpg 966w, https:\/\/www.handball-ulm.de\/wp-content\/uploads\/2020\/02\/Neuer-Trainer_Werner_Drexler-283x300.jpg 283w, https:\/\/www.handball-ulm.de\/wp-content\/uploads\/2020\/02\/Neuer-Trainer_Werner_Drexler-768x814.jpg 768w, https:\/\/www.handball-ulm.de\/wp-content\/uploads\/2020\/02\/Neuer-Trainer_Werner_Drexler-1170x1240.jpg 1170w, https:\/\/www.handball-ulm.de\/wp-content\/uploads\/2020\/02\/Neuer-Trainer_Werner_Drexler.jpg 1213w\" sizes=\"(max-width: 966px) 100vw, 966px\" \/><\/figure>\n\n\n\n<p>Wir danken Andreas Bodsch Bodschwinna f\u00fcr seinen unerm\u00fcdlichen Einsatz und sein Fachwissen, mit dem er 2 Jahre als M\u00e4nner1-Trainer daf\u00fcr gesorgt hat, dass sich unsere Jungs weiterentwickeln. Wir danken au\u00dferdem f\u00fcr die wertvollen Impulse au\u00dferhalb seines Traineramtes, die er\u00a0 mit in unseren Verein einbrachte. <\/p>\n","protected":false},"excerpt":{"rendered":"<p>Nach der 5. erfolgreichen Saison in der Bezirksklasse und Bezirksliga gibt Andreas Schiele sein Traineramt bei unserer 1. Frauen-Mannschaft ab. Andi ist ein richtiges SG-Urgestein: vom Spieler \u00fcber Jugendtrainer zum Trainer Frauen Bezirksliga. Ab April 2020 wird er f\u00fcr unsere 1. M\u00e4nner-Mannschaft verantwortlich sein. Mit seiner umg\u00e4nglichen Art hatte er unsere M\u00e4dels stets im Griff. [&hellip;]<\/p>\n<br\/><br\/><a class=\"read-more\" href=\"https:\/\/www.handball-ulm.de\/?p=2400\"> Mehr lesen...<\/a>","protected":false},"author":10,"featured_media":0,"comment_status":"closed","ping_status":"closed","sticky":true,"template":"","format":"standard","meta":{"ngg_post_thumbnail":0,"footnotes":""},"categories":[1,66,13,11,8,63],"tags":[],"_links":{"self":[{"href":"https:\/\/www.handball-ulm.de\/index.php?rest_route=\/wp\/v2\/posts\/2400"}],"collection":[{"href":"https:\/\/www.handball-ulm.de\/index.php?rest_route=\/wp\/v2\/posts"}],"about":[{"href":"https:\/\/www.handball-ulm.de\/index.php?rest_route=\/wp\/v2\/types\/post"}],"author":[{"embeddable":true,"href":"https:\/\/www.handball-ulm.de\/index.php?rest_route=\/wp\/v2\/users\/10"}],"replies":[{"embeddable":true,"href":"https:\/\/www.handball-ulm.de\/index.php?rest_route=%2Fwp%2Fv2%2Fcomments&post=2400"}],"version-history":[{"count":2,"href":"https:\/\/www.handball-ulm.de\/index.php?rest_route=\/wp\/v2\/posts\/2400\/revisions"}],"predecessor-version":[{"id":2422,"href":"https:\/\/www.handball-ulm.de\/index.php?rest_route=\/wp\/v2\/posts\/2400\/revisions\/2422"}],"wp:attachment":[{"href":"https:\/\/www.handball-ulm.de\/index.php?rest_route=%2Fwp%2Fv2%2Fmedia&parent=2400"}],"wp:term":[{"taxonomy":"category","embeddable":true,"href":"https:\/\/www.handball-ulm.de\/index.php?rest_route=%2Fwp%2Fv2%2Fcategories&post=2400"},{"taxonomy":"post_tag","embeddable":true,"href":"https:\/\/www.handball-ulm.de\/index.php?rest_route=%2Fwp%2Fv2%2Ftags&post=2400"}],"curies":[{"name":"wp","href":"https:\/\/api.w.org\/{rel}","templated":true}]}}