{"id":2371,"date":"2020-01-22T17:41:24","date_gmt":"2020-01-22T16:41:24","guid":{"rendered":"https:\/\/www.handball-ulm.de\/?p=2371"},"modified":"2020-05-02T21:44:25","modified_gmt":"2020-05-02T19:44:25","slug":"jahreshauptversammlung-der-sg-ulm-wiblingen","status":"publish","type":"post","link":"https:\/\/www.handball-ulm.de\/?p=2371","title":{"rendered":"Jahreshauptversammlung der SG Ulm &#038; Wiblingen"},"content":{"rendered":"\n<figure class=\"wp-block-image size-large\"><img loading=\"lazy\" decoding=\"async\" width=\"464\" height=\"476\" src=\"https:\/\/www.handball-ulm.de\/wp-content\/uploads\/2020\/02\/Screenshot-124.png\" alt=\"\" class=\"wp-image-2395\" srcset=\"https:\/\/www.handball-ulm.de\/wp-content\/uploads\/2020\/02\/Screenshot-124.png 464w, https:\/\/www.handball-ulm.de\/wp-content\/uploads\/2020\/02\/Screenshot-124-292x300.png 292w\" sizes=\"(max-width: 464px) 100vw, 464px\" \/><\/figure>\n\n\n\n<p>Einladung zur Jahreshauptversammlung 2020<\/p>\n\n\n\n<p><br> Sehr geehrte Mitgliederinnen und Mitglieder,<br> sehr geehrte Eltern der Jugendspieler\/-innen,<br> wir, der Vorstand der SG Ulm &amp; Wiblingen, m\u00f6chten Sie\/Euch am Sonntag, 16.02.2020,  um 17:00 Uhr in die Tannenplatzhalle zur Jahreshauptversammlung einladen.<br> Vorher spielen um 13:00 Uhr die zweite Damenmannschaft gegen TSV Bernstadt und anschlie\u00dfend um 15:00 Uhr die zweite Herrenmannschaft gegen den HC Hard 2.<\/p>\n\n\n\n<p><br> Folgende Tagesordnungspunkte sind vorgesehen:<br> \uf0b7  Begr\u00fc\u00dfung<br> \uf0b7  Schriftliche Antr\u00e4ge<br> \uf0b7  Berichte und Aussprache zu den Berichten<br> \uf0b7  Ehrungen und Danksagungen<br> \uf0b7  Kassenpr\u00fcfung <br> \uf0b7  Entlastungen und Danksagung<br> \uf0b7  Vorstellung der Kandidaten und Neuwahlen<br> \uf0b7  Bericht des F\u00f6rdervereins<br> \uf0b7  Verschiedenes <br> \uf0b7  Verabschiedung<br> <\/p>\n\n\n\n<p>Schriftliche Antr\u00e4ge bitte bis zum 09.02.2020 unter handball@sgum.de an den Vorstand richten.<\/p>\n\n\n\n<p><br> Wir freuen uns auf Ihren\/Deinen Besuch.<br> Mit sportlichen Gr\u00fc\u00dfen<br> J\u00f6rg Wiggershaus <\/p>\n","protected":false},"excerpt":{"rendered":"<p>Einladung zur Jahreshauptversammlung 2020 Sehr geehrte Mitgliederinnen und Mitglieder, sehr geehrte Eltern der Jugendspieler\/-innen, wir, der Vorstand der SG Ulm &amp; Wiblingen, m\u00f6chten Sie\/Euch am Sonntag, 16.02.2020, um 17:00 Uhr in die Tannenplatzhalle zur Jahreshauptversammlung einladen. Vorher spielen um 13:00 Uhr die zweite Damenmannschaft gegen TSV Bernstadt und anschlie\u00dfend um 15:00 Uhr die zweite Herrenmannschaft [&hellip;]<\/p>\n<br\/><br\/><a class=\"read-more\" href=\"https:\/\/www.handball-ulm.de\/?p=2371\"> Mehr lesen...<\/a>","protected":false},"author":10,"featured_media":2395,"comment_status":"closed","ping_status":"closed","sticky":false,"template":"","format":"standard","meta":{"ngg_post_thumbnail":0,"footnotes":""},"categories":[1,66,8,63],"tags":[],"_links":{"self":[{"href":"https:\/\/www.handball-ulm.de\/index.php?rest_route=\/wp\/v2\/posts\/2371"}],"collection":[{"href":"https:\/\/www.handball-ulm.de\/index.php?rest_route=\/wp\/v2\/posts"}],"about":[{"href":"https:\/\/www.handball-ulm.de\/index.php?rest_route=\/wp\/v2\/types\/post"}],"author":[{"embeddable":true,"href":"https:\/\/www.handball-ulm.de\/index.php?rest_route=\/wp\/v2\/users\/10"}],"replies":[{"embeddable":true,"href":"https:\/\/www.handball-ulm.de\/index.php?rest_route=%2Fwp%2Fv2%2Fcomments&post=2371"}],"version-history":[{"count":2,"href":"https:\/\/www.handball-ulm.de\/index.php?rest_route=\/wp\/v2\/posts\/2371\/revisions"}],"predecessor-version":[{"id":2396,"href":"https:\/\/www.handball-ulm.de\/index.php?rest_route=\/wp\/v2\/posts\/2371\/revisions\/2396"}],"wp:featuredmedia":[{"embeddable":true,"href":"https:\/\/www.handball-ulm.de\/index.php?rest_route=\/wp\/v2\/media\/2395"}],"wp:attachment":[{"href":"https:\/\/www.handball-ulm.de\/index.php?rest_route=%2Fwp%2Fv2%2Fmedia&parent=2371"}],"wp:term":[{"taxonomy":"category","embeddable":true,"href":"https:\/\/www.handball-ulm.de\/index.php?rest_route=%2Fwp%2Fv2%2Fcategories&post=2371"},{"taxonomy":"post_tag","embeddable":true,"href":"https:\/\/www.handball-ulm.de\/index.php?rest_route=%2Fwp%2Fv2%2Ftags&post=2371"}],"curies":[{"name":"wp","href":"https:\/\/api.w.org\/{rel}","templated":true}]}}