{"id":227,"date":"2019-03-16T18:59:30","date_gmt":"2019-03-16T17:59:30","guid":{"rendered":"https:\/\/sgulm.tcremer.de\/?p=227"},"modified":"2020-05-02T21:00:45","modified_gmt":"2020-05-02T19:00:45","slug":"kinder-und-jugendhandball-2018-2019","status":"publish","type":"post","link":"https:\/\/www.handball-ulm.de\/?p=227","title":{"rendered":"Kinder- und Jugendhandball 2018\/2019"},"content":{"rendered":"<p>Mit Stolz blicken wir auf die vergangene Saison zur\u00fcck. Viele Ereignisse erlebten wir zusammen.<br \/>\nF\u00fcr eine Nikolausfeier mit einer bombastischen Teilnehmerzahl von Kindern, deren Familien  und unseren \u201egro\u00dfen\u201c Spielern gilt unser Dank den Frauenmannschaften.<\/p>\n<p>Das Handballcamp der SG Ulm &amp; Wiblingen in den Faschingsferien war so ausgebucht, dass es sogar eine Warteliste gab. Vom 04. \u2013 08.03.2019 gibt es eine erweiterte Wiederauflage. Wir wollen auch den A &#8211; C-Jugendlichen die M\u00f6glichkeit geben, an unserem Camp teilzunehmen. Die Vorbereitungen laufen und namhafte Trainer sind interessiert.<\/p>\n<p>Am j\u00e4hrlichen Grundschulspieltag halfen zahlreiche Jugendliche f\u00fcr den erfolgreichen Verlauf. Alle Kinder und Lehrer der Regenbogen-, Tannenplatz-, Stifter-, Syrlin-, Spitalhof- und Berblinger Schule waren vollauf begeistert.<br \/>\nIn der Anna-Essinger-Realschule leiteten Anni und Ralf Handballunterricht 10 Einheiten a 1,5 Stunden schwitzten die Sch\u00fcler und lernten die Grundbegriffe des Handballs.<br \/>\nDie AG an der Regenbogenschule f\u00fchrte Tobi mit Tims Hilfe durch.<\/p>\n<p>\u00dcber den Sommer verteilten wir mit aller Hilfe 7000 Stundenpl\u00e4ne, um weitere Kinder auf die SG Ulm &amp; Wiblingen aufmerksam zu machen. Plakate und Flyer werben das ganze Jahr. Ein Bericht im Familienmagazin \u201eKinder in der Stadt\u201c wurde ebenfalls gedruckt, um unsere wertvolle integrative Arbeit bekannt zu machen<\/p>\n<p>16 Kinder- und Jugendmannschaften spielten letzte Saison f\u00fcr die SG. Am erfolgreichsten war Horst mit der m\u00e4nnlichen A-Jugend, die massiv von den superstarken B`s unterst\u00fctzt wurde. 2.Platz in der Bezirksliga. Ali f\u00fchrte die weibliche A ebenfalls auf den 2. Platz in der Bezirksklasse. Wir danken ALLEN Trainern der SG f\u00fcr ihren unerm\u00fcdlichen Einsatz, die sozialen Kompetenzen der Kinder und Jugendlichen zu f\u00f6rdern.<br \/>\nEs ist sch\u00f6n, dass Ihr Eure Zeit ehrenamtlich in unseren Nachwuchs investiert. Ohne Euch w\u00e4re dies alles nicht m\u00f6glich. Ihr macht Eure Sache toll und erf\u00fcllt uns mit Stolz.<\/p>\n<p>In dieser Saison starten wir in der Bezirksliga mit der m\u00e4nnlichen A-, B-, der gemischten D- und der weiblichen A\u2013Jugend. In der Bezirksklasse spielen die m\u00e4nnliche C- und die weibliche C- und D-Jugend. Au\u00dferdem treten an eine zweite gemischte D-, zwei gemischte E-, eine weibliche E-, zwei gemischte F-Jugenden und die Minis Wiblingen. Im Training begeistern sich in Ulm die Minis und Miniminis. Vor allem die j\u00fcngeren Jugendmannschaften erfreuen sich an einem gro\u00dfen Zulauf. Am gravierendsten ist es in der weiblichen C- Jugend, wo seit dem Trainerwechsel Mitte letzte Saison sage und schreibe 10! neue bzw. wiedereinsteigende Spielerinnen dazugekommen sind.<br \/>\nBei der weiblichen A- und B-Jugend gehen wir in dieser Saison eine Kooperation mit unserem Nachbarverein SC Lehr ein. Unsere M\u00e4dels der wB nehmen am Trainings- und Spielbetrieb des SC Lehr teil, die Lehr M\u00e4dels der wA-Jugend sind in unser Team eingebunden. So kann allen Spielerinnen erm\u00f6glicht werden, altersgerecht eingesetzt zu werden.<br \/>\nDie Qualit\u00e4t unserer Jugend wird ebenfalls immer besser. Jonathan Cremer aus der m\u00e4nnlichen C-Jugend wurde f\u00fcr die HVW \u2013 Auswahl gesichtet. F\u00fcr die Bezirksauswahlen der D-Jugend k\u00f6nnen wir 21 Kinder empfehlen, die beeindruckendes Talent aufweisen. Saskia Fromm wurde bereits als junger Jahrgang E-Jugend bei der Talentiade als Torfrau gesichtet! Ich kann mich nicht erinnern, wann das schon mal vorkam.<\/p>\n<p>Es macht einfach Freude, Kinder und Jugendliche mit dem Handballfieber anzustecken.<br \/>\nDie WM der M\u00e4nner im Januar wird uns dabei sicher helfen.<br \/>\nUnsere sportlichen Bem\u00fchungen in der Jugendarbeit werden sich auszahlen, so dass unsere Aktiven in naher Zukunft (hoffentlich) Spiele in der Ratiopharm Arena austragen werden.<br \/>\nDie SG Ulm &amp; Wiblingen ist ein besonderer Verein! Lasst uns weiter daran arbeiten! Es lohnt sich!<\/p>\n<p>Pauli im Namen der Jugendleitung<\/p>\n","protected":false},"excerpt":{"rendered":"<p>Mit Stolz blicken wir auf die vergangene Saison zur\u00fcck. Viele Ereignisse erlebten wir zusammen. F\u00fcr eine Nikolausfeier mit einer bombastischen Teilnehmerzahl von Kindern, deren Familien und unseren \u201egro\u00dfen\u201c Spielern gilt unser Dank den Frauenmannschaften. Das Handballcamp der SG Ulm &amp; Wiblingen in den Faschingsferien war so ausgebucht, dass es sogar eine Warteliste gab. Vom 04. [&hellip;]<\/p>\n<br\/><br\/><a class=\"read-more\" href=\"https:\/\/www.handball-ulm.de\/?p=227\"> Mehr lesen...<\/a>","protected":false},"author":1,"featured_media":0,"comment_status":"closed","ping_status":"closed","sticky":false,"template":"","format":"standard","meta":{"ngg_post_thumbnail":0,"footnotes":""},"categories":[67,63],"tags":[],"_links":{"self":[{"href":"https:\/\/www.handball-ulm.de\/index.php?rest_route=\/wp\/v2\/posts\/227"}],"collection":[{"href":"https:\/\/www.handball-ulm.de\/index.php?rest_route=\/wp\/v2\/posts"}],"about":[{"href":"https:\/\/www.handball-ulm.de\/index.php?rest_route=\/wp\/v2\/types\/post"}],"author":[{"embeddable":true,"href":"https:\/\/www.handball-ulm.de\/index.php?rest_route=\/wp\/v2\/users\/1"}],"replies":[{"embeddable":true,"href":"https:\/\/www.handball-ulm.de\/index.php?rest_route=%2Fwp%2Fv2%2Fcomments&post=227"}],"version-history":[{"count":2,"href":"https:\/\/www.handball-ulm.de\/index.php?rest_route=\/wp\/v2\/posts\/227\/revisions"}],"predecessor-version":[{"id":920,"href":"https:\/\/www.handball-ulm.de\/index.php?rest_route=\/wp\/v2\/posts\/227\/revisions\/920"}],"wp:attachment":[{"href":"https:\/\/www.handball-ulm.de\/index.php?rest_route=%2Fwp%2Fv2%2Fmedia&parent=227"}],"wp:term":[{"taxonomy":"category","embeddable":true,"href":"https:\/\/www.handball-ulm.de\/index.php?rest_route=%2Fwp%2Fv2%2Fcategories&post=227"},{"taxonomy":"post_tag","embeddable":true,"href":"https:\/\/www.handball-ulm.de\/index.php?rest_route=%2Fwp%2Fv2%2Ftags&post=227"}],"curies":[{"name":"wp","href":"https:\/\/api.w.org\/{rel}","templated":true}]}}