{"id":20188,"date":"2026-04-29T08:18:13","date_gmt":"2026-04-29T06:18:13","guid":{"rendered":"https:\/\/www.handball-ulm.de\/?p=20188"},"modified":"2026-04-29T08:18:16","modified_gmt":"2026-04-29T06:18:16","slug":"starker-teamgeist-bringt-uns-in-die-naechste-runde","status":"publish","type":"post","link":"https:\/\/www.handball-ulm.de\/?p=20188","title":{"rendered":"Starker Teamgeist bringt uns in die n\u00e4chste Runde"},"content":{"rendered":"\n<p>Am 25.04.26 stand bereits die zweite Qualifikationsrunde auf dem Programm. Gegen einen starken Gegner aus Lustenau mussten wir uns zun\u00e4chst geschlagen geben, konnten dabei aber wichtige Erfahrungen sammeln.<\/p>\n\n\n\n<p>Im zweiten Spiel zeigte unsere Abwehr eine deutliche Steigerung und hielt den Ausrichter Tannau bei nur 11 Toren. Auch wenn im Angriff noch nicht alles zusammenlief, bewies das Team gro\u00dfen Einsatz und Kampfgeist.<\/p>\n\n\n\n<p>In den folgenden Partien wollten wir es unbedingt besser machen \u2013 und das gelang uns eindrucksvoll. Mit viel Teamgeist, Energie und einer starken Unterst\u00fctzung von der Bank konnten wir sowohl den TV Weingarten 2 als auch Alpla Hard besiegen.<\/p>\n\n\n\n<p>Damit ziehen wir verdient als Drittplatzierter in die n\u00e4chste Runde ein. Eine tolle Leistung, auf die wir gemeinsam stolz sein k\u00f6nnen!<\/p>\n\n\n\n<p>Ein herzliches Dankesch\u00f6n geht an alle Eltern f\u00fcr ihre gro\u00dfartige Unterst\u00fctzung und die vielen Samstage in der Halle \u2013 selbst bei sch\u00f6nstem Wetter. Dieser Zusammenhalt macht unsere Gemeinschaft aus.<\/p>\n","protected":false},"excerpt":{"rendered":"<p>Am 25.04.26 stand bereits die zweite Qualifikationsrunde auf dem Programm. Gegen einen starken Gegner aus Lustenau mussten wir uns zun\u00e4chst geschlagen geben, konnten dabei aber wichtige Erfahrungen sammeln. Im zweiten Spiel zeigte unsere Abwehr eine deutliche Steigerung und hielt den Ausrichter Tannau bei nur 11 Toren. Auch wenn im Angriff noch nicht alles zusammenlief, bewies [&hellip;]<\/p>\n<br\/><br\/><a class=\"read-more\" href=\"https:\/\/www.handball-ulm.de\/?p=20188\"> Mehr lesen...<\/a>","protected":false},"author":20,"featured_media":20189,"comment_status":"closed","ping_status":"closed","sticky":false,"template":"","format":"standard","meta":{"ngg_post_thumbnail":0,"footnotes":""},"categories":[1,69,94,63,20],"tags":[],"_links":{"self":[{"href":"https:\/\/www.handball-ulm.de\/index.php?rest_route=\/wp\/v2\/posts\/20188"}],"collection":[{"href":"https:\/\/www.handball-ulm.de\/index.php?rest_route=\/wp\/v2\/posts"}],"about":[{"href":"https:\/\/www.handball-ulm.de\/index.php?rest_route=\/wp\/v2\/types\/post"}],"author":[{"embeddable":true,"href":"https:\/\/www.handball-ulm.de\/index.php?rest_route=\/wp\/v2\/users\/20"}],"replies":[{"embeddable":true,"href":"https:\/\/www.handball-ulm.de\/index.php?rest_route=%2Fwp%2Fv2%2Fcomments&post=20188"}],"version-history":[{"count":1,"href":"https:\/\/www.handball-ulm.de\/index.php?rest_route=\/wp\/v2\/posts\/20188\/revisions"}],"predecessor-version":[{"id":20190,"href":"https:\/\/www.handball-ulm.de\/index.php?rest_route=\/wp\/v2\/posts\/20188\/revisions\/20190"}],"wp:featuredmedia":[{"embeddable":true,"href":"https:\/\/www.handball-ulm.de\/index.php?rest_route=\/wp\/v2\/media\/20189"}],"wp:attachment":[{"href":"https:\/\/www.handball-ulm.de\/index.php?rest_route=%2Fwp%2Fv2%2Fmedia&parent=20188"}],"wp:term":[{"taxonomy":"category","embeddable":true,"href":"https:\/\/www.handball-ulm.de\/index.php?rest_route=%2Fwp%2Fv2%2Fcategories&post=20188"},{"taxonomy":"post_tag","embeddable":true,"href":"https:\/\/www.handball-ulm.de\/index.php?rest_route=%2Fwp%2Fv2%2Ftags&post=20188"}],"curies":[{"name":"wp","href":"https:\/\/api.w.org\/{rel}","templated":true}]}}