{"id":19851,"date":"2025-11-30T12:00:52","date_gmt":"2025-11-30T11:00:52","guid":{"rendered":"https:\/\/www.handball-ulm.de\/?p=19851"},"modified":"2025-11-30T12:00:54","modified_gmt":"2025-11-30T11:00:54","slug":"weibliche-b-jugend-dominiert-bregenz","status":"publish","type":"post","link":"https:\/\/www.handball-ulm.de\/?p=19851","title":{"rendered":"Weibliche B-Jugend dominiert Bregenz"},"content":{"rendered":"\n<p><strong>Starker Abschluss der Hinrunde:<\/strong> Mit einem deutlichen <strong>40:16-Heimsieg<\/strong> gegen die G\u00e4ste aus Bregenz setzt die Mannschaft ein Ausrufezeichen. Der fr\u00fche <strong>15:0-Lauf<\/strong> legte den Grundstein f\u00fcr einen souver\u00e4nen Erfolg.<br>Mit <strong>10:2 Punkten<\/strong> steht eine \u00e4u\u00dferst erfolgreiche Hinrunde zu Buche \u2013 eine hervorragende Ausgangslage, die jedoch auch in der R\u00fcckrunde volle Konzentration verlangt.<\/p>\n\n\n\n<p>Weiter geht\u2019s am <strong>7. Dezember<\/strong> mit dem letzten Spiel des Kalenderjahres \u2013 erneut gegen Lindau.<\/p>\n","protected":false},"excerpt":{"rendered":"<p>Starker Abschluss der Hinrunde: Mit einem deutlichen 40:16-Heimsieg gegen die G\u00e4ste aus Bregenz setzt die Mannschaft ein Ausrufezeichen. Der fr\u00fche 15:0-Lauf legte den Grundstein f\u00fcr einen souver\u00e4nen Erfolg.Mit 10:2 Punkten steht eine \u00e4u\u00dferst erfolgreiche Hinrunde zu Buche \u2013 eine hervorragende Ausgangslage, die jedoch auch in der R\u00fcckrunde volle Konzentration verlangt. Weiter geht\u2019s am 7. Dezember [&hellip;]<\/p>\n<br\/><br\/><a class=\"read-more\" href=\"https:\/\/www.handball-ulm.de\/?p=19851\"> Mehr lesen...<\/a>","protected":false},"author":20,"featured_media":19852,"comment_status":"closed","ping_status":"closed","sticky":false,"template":"","format":"standard","meta":{"ngg_post_thumbnail":0,"footnotes":""},"categories":[1,94,63,18],"tags":[],"_links":{"self":[{"href":"https:\/\/www.handball-ulm.de\/index.php?rest_route=\/wp\/v2\/posts\/19851"}],"collection":[{"href":"https:\/\/www.handball-ulm.de\/index.php?rest_route=\/wp\/v2\/posts"}],"about":[{"href":"https:\/\/www.handball-ulm.de\/index.php?rest_route=\/wp\/v2\/types\/post"}],"author":[{"embeddable":true,"href":"https:\/\/www.handball-ulm.de\/index.php?rest_route=\/wp\/v2\/users\/20"}],"replies":[{"embeddable":true,"href":"https:\/\/www.handball-ulm.de\/index.php?rest_route=%2Fwp%2Fv2%2Fcomments&post=19851"}],"version-history":[{"count":1,"href":"https:\/\/www.handball-ulm.de\/index.php?rest_route=\/wp\/v2\/posts\/19851\/revisions"}],"predecessor-version":[{"id":19853,"href":"https:\/\/www.handball-ulm.de\/index.php?rest_route=\/wp\/v2\/posts\/19851\/revisions\/19853"}],"wp:featuredmedia":[{"embeddable":true,"href":"https:\/\/www.handball-ulm.de\/index.php?rest_route=\/wp\/v2\/media\/19852"}],"wp:attachment":[{"href":"https:\/\/www.handball-ulm.de\/index.php?rest_route=%2Fwp%2Fv2%2Fmedia&parent=19851"}],"wp:term":[{"taxonomy":"category","embeddable":true,"href":"https:\/\/www.handball-ulm.de\/index.php?rest_route=%2Fwp%2Fv2%2Fcategories&post=19851"},{"taxonomy":"post_tag","embeddable":true,"href":"https:\/\/www.handball-ulm.de\/index.php?rest_route=%2Fwp%2Fv2%2Ftags&post=19851"}],"curies":[{"name":"wp","href":"https:\/\/api.w.org\/{rel}","templated":true}]}}