{"id":1959,"date":"2019-11-26T23:18:54","date_gmt":"2019-11-26T22:18:54","guid":{"rendered":"https:\/\/www.handball-ulm.de\/?p=1959"},"modified":"2020-05-02T21:44:27","modified_gmt":"2020-05-02T19:44:27","slug":"zu-gast-bei-den-rhein-neckar-loewen","status":"publish","type":"post","link":"https:\/\/www.handball-ulm.de\/?p=1959","title":{"rendered":"Zu Gast bei den Rhein-Neckar-L\u00f6wen"},"content":{"rendered":"\n<p>24.11.19<\/p>\n\n\n\n<figure class=\"wp-block-image\"><img loading=\"lazy\" decoding=\"async\" width=\"678\" height=\"1024\" src=\"https:\/\/www.handball-ulm.de\/wp-content\/uploads\/2019\/11\/DSC0102-678x1024.jpeg\" alt=\"\" class=\"wp-image-1960\" srcset=\"https:\/\/www.handball-ulm.de\/wp-content\/uploads\/2019\/11\/DSC0102-678x1024.jpeg 678w, https:\/\/www.handball-ulm.de\/wp-content\/uploads\/2019\/11\/DSC0102-199x300.jpeg 199w, https:\/\/www.handball-ulm.de\/wp-content\/uploads\/2019\/11\/DSC0102-768x1160.jpeg 768w, https:\/\/www.handball-ulm.de\/wp-content\/uploads\/2019\/11\/DSC0102-1170x1766.jpeg 1170w, https:\/\/www.handball-ulm.de\/wp-content\/uploads\/2019\/11\/DSC0102.jpeg 1632w\" sizes=\"(max-width: 678px) 100vw, 678px\" \/><\/figure>\n\n\n\n<p>6523 Zuschauer, ein spannendes Derby und Kinder der SG Ulm\n&amp; Wiblingen mittendrin<\/p>\n\n\n\n<p>Spannung, Nervosit\u00e4t und jede Menge Eindr\u00fccke &#8211; beim Derby\nder Rhein-Neckar-L\u00f6wen gegen den TVB Stuttgart am 24.11.19 in der SAP-Arena\nwaren unsere Handballkids in Begleitung von 43 Begleitpersonen aus Trainern,\nEltern, Geschwistern und Verwandten mittendrin im Geschehen. Bruno, Chiara,\nDavid, Emma, Julien, Julien, Lenny, Liam, L\u00f6rinc, Luna, Malik, Mina, Nikas, Oskar,\nTarik und Sarah durften als Duravit-Einlaufkinder Hand in Hand mit den\nBundesligastars des TVB Stuttgart rund um Weltmeister Johannes Bitter direkt\nvor Spielbeginn in die SAP-Arena einlaufen. <\/p>\n\n\n\n<figure class=\"wp-block-image\"><img loading=\"lazy\" decoding=\"async\" width=\"1024\" height=\"678\" src=\"https:\/\/www.handball-ulm.de\/wp-content\/uploads\/2019\/11\/DSC0058-1024x678.jpeg\" alt=\"\" class=\"wp-image-1961\" srcset=\"https:\/\/www.handball-ulm.de\/wp-content\/uploads\/2019\/11\/DSC0058-1024x678.jpeg 1024w, https:\/\/www.handball-ulm.de\/wp-content\/uploads\/2019\/11\/DSC0058-300x199.jpeg 300w, https:\/\/www.handball-ulm.de\/wp-content\/uploads\/2019\/11\/DSC0058-768x509.jpeg 768w, https:\/\/www.handball-ulm.de\/wp-content\/uploads\/2019\/11\/DSC0058-1170x775.jpeg 1170w\" sizes=\"(max-width: 1024px) 100vw, 1024px\" \/><\/figure>\n\n\n\n<p>F\u00fcr viele der Kinder war es ihr erstes Mal, dass sie bei\neinem Bundesliga-Handballspiel dabei sein konnten und vieles war wahnsinnig\naufregend. Bereits vor der Abholung am Seiteneingang liefen die Stars beider\nMannschaften verk\u00f6rpert durch Andy Schmid, Uwe Gensheimer, Manuel Sp\u00e4th und Co.\nan den Kindern vorbei. Nach dem Umziehen und einem Einblick hinter die Kulissen\ndurften die Kinder noch vor dem Einlass der Zuschauer den Mannschaften beim\nAufw\u00e4rmen zusehen. Und siehe da \u2013 das Klischee best\u00e4tigte sich: Handballer wie\nNationalspieler Jannik Kohlbacher,&nbsp;\nspielen Fu\u00dfball zum Aufw\u00e4rmen. Nach und nach f\u00fcllte sich die Arena und\nwir durften unsere Pl\u00e4tze direkt hinter dem Tor und vor dem Fanblock der\nRhein-Neckar-L\u00f6wen in der ersten Reihe einnehmen. Auch das Fernsehteam und der\nZeppelin mit Kamera, der \u00fcber dem Spielfeld kreiste, konnten so aus n\u00e4chster\nN\u00e4he bewundert werden. <\/p>\n\n\n\n<figure class=\"wp-block-image\"><img loading=\"lazy\" decoding=\"async\" width=\"1024\" height=\"678\" src=\"https:\/\/www.handball-ulm.de\/wp-content\/uploads\/2019\/11\/DSC0175-1024x678.jpeg\" alt=\"\" class=\"wp-image-1962\" srcset=\"https:\/\/www.handball-ulm.de\/wp-content\/uploads\/2019\/11\/DSC0175-1024x678.jpeg 1024w, https:\/\/www.handball-ulm.de\/wp-content\/uploads\/2019\/11\/DSC0175-300x199.jpeg 300w, https:\/\/www.handball-ulm.de\/wp-content\/uploads\/2019\/11\/DSC0175-768x509.jpeg 768w, https:\/\/www.handball-ulm.de\/wp-content\/uploads\/2019\/11\/DSC0175-1170x775.jpeg 1170w\" sizes=\"(max-width: 1024px) 100vw, 1024px\" \/><\/figure>\n\n\n\n<p>Kurz vor Spielbeginn war es dann soweit \u2013 wir wurden\nabgeholt und erfuhren, dass wir mit dem TVB Stuttgart einlaufen durften. Nach\nkurzen Instruktionen und der Festlegung der Reihenfolge, dem Abklatschen mit\nden Maskottchen der beiden Mannschaften, sowie den Spielern der\nRhein-Neckar-L\u00f6wen ging das Licht aus und die Spieler des TVB Stuttgart\nergriffen unsere H\u00e4nde. Im Laufschritt unter gro\u00dfem Applaus beschritten wir mit\nden wahrlich \u201eGro\u00dfen\u201c die Arena. Alles ging ganz schnell als die Scheinwerfer\nauf uns gerichtet und die Spieler vorgestellt wurden. Kurz sp\u00e4ter durften wir\ngleich wieder unsere Pl\u00e4tze in der ersten Reihe hinter dem Tor einnehmen. Von\ndort konnten wir verfolgen, wie die L\u00f6wen zun\u00e4chst in der 6. Minute 6:1\nf\u00fchrten, aber schon vier Minuten sp\u00e4ter konnte der TVB Stuttgart durch tolle\nParaden Ihres Torwarts und einem 4:0 Lauf aufschlie\u00dfen. Nach einer hektischen\nHalbzeit mit vielen tollen Paraden von Johannes Bitter und Andreas Palicka ging\nes mit einem Remis 14:14 in die Halbzeit. In dieser konnten wir kurz unseren\nHunger und Durst stillen, bevor wir wieder weiter lautstark die Teams\nanfeuerten. In der zweiten H\u00e4lfte dominierten im Angriff auf Stuttgarter Seite\ndie Jungstars David Schmidt (6 Tore) und Max H\u00e4fner (4 Tore). Die Rhein-Neckar\nL\u00f6wen Andy Schmid (10 Tore), Uwe Gensheimer (6 Tore \u2013 davon 2 Siebenmeter) und\nJannik Kohlbacher (8 Tore) zeigten jedoch gro\u00dfen Siegeswillen. So blieb es\nspannend bis kurz vor Schluss. Am Ende siegten die L\u00f6wen ganz knapp mit 32:30.\nDer st\u00e4rkste Wurf kam von Andy Schmid mit \u2013 f\u00fcr die Kinder unglaublichen &#8211; 136\nkm\/h.<\/p>\n\n\n\n<figure class=\"wp-block-image\"><img loading=\"lazy\" decoding=\"async\" width=\"1024\" height=\"678\" src=\"https:\/\/www.handball-ulm.de\/wp-content\/uploads\/2019\/11\/DSC0220-1024x678.jpeg\" alt=\"\" class=\"wp-image-1963\" srcset=\"https:\/\/www.handball-ulm.de\/wp-content\/uploads\/2019\/11\/DSC0220-1024x678.jpeg 1024w, https:\/\/www.handball-ulm.de\/wp-content\/uploads\/2019\/11\/DSC0220-300x199.jpeg 300w, https:\/\/www.handball-ulm.de\/wp-content\/uploads\/2019\/11\/DSC0220-768x509.jpeg 768w, https:\/\/www.handball-ulm.de\/wp-content\/uploads\/2019\/11\/DSC0220-1170x775.jpeg 1170w\" sizes=\"(max-width: 1024px) 100vw, 1024px\" \/><\/figure>\n\n\n\n<p>Zum Abschluss des ereignisreichen Tages konnten wir noch von Mads Mensah, Andreas Palicka und den anderen L\u00f6wen Unterschriften auf unsere T-Shirts ergattern, bevor wir nach einem aufregenden Tag von unseren Begleiterinnen Susie und Graziella an unsere Eltern \u00fcbergeben wurden.<\/p>\n\n\n\n<figure class=\"wp-block-image\"><img loading=\"lazy\" decoding=\"async\" width=\"678\" height=\"1024\" src=\"https:\/\/www.handball-ulm.de\/wp-content\/uploads\/2019\/11\/DSC0190-678x1024.jpeg\" alt=\"\" class=\"wp-image-1964\" srcset=\"https:\/\/www.handball-ulm.de\/wp-content\/uploads\/2019\/11\/DSC0190-678x1024.jpeg 678w, https:\/\/www.handball-ulm.de\/wp-content\/uploads\/2019\/11\/DSC0190-199x300.jpeg 199w, https:\/\/www.handball-ulm.de\/wp-content\/uploads\/2019\/11\/DSC0190-768x1160.jpeg 768w, https:\/\/www.handball-ulm.de\/wp-content\/uploads\/2019\/11\/DSC0190-1170x1766.jpeg 1170w, https:\/\/www.handball-ulm.de\/wp-content\/uploads\/2019\/11\/DSC0190.jpeg 1632w\" sizes=\"(max-width: 678px) 100vw, 678px\" \/><\/figure>\n\n\n\n<figure class=\"wp-block-image\"><img loading=\"lazy\" decoding=\"async\" width=\"678\" height=\"1024\" src=\"https:\/\/www.handball-ulm.de\/wp-content\/uploads\/2019\/11\/DSC0278-678x1024.jpeg\" alt=\"\" class=\"wp-image-1965\" srcset=\"https:\/\/www.handball-ulm.de\/wp-content\/uploads\/2019\/11\/DSC0278-678x1024.jpeg 678w, https:\/\/www.handball-ulm.de\/wp-content\/uploads\/2019\/11\/DSC0278-199x300.jpeg 199w, https:\/\/www.handball-ulm.de\/wp-content\/uploads\/2019\/11\/DSC0278-768x1160.jpeg 768w, https:\/\/www.handball-ulm.de\/wp-content\/uploads\/2019\/11\/DSC0278-1170x1766.jpeg 1170w, https:\/\/www.handball-ulm.de\/wp-content\/uploads\/2019\/11\/DSC0278.jpeg 1632w\" sizes=\"(max-width: 678px) 100vw, 678px\" \/><\/figure>\n","protected":false},"excerpt":{"rendered":"<p>24.11.19 6523 Zuschauer, ein spannendes Derby und Kinder der SG Ulm &amp; Wiblingen mittendrin Spannung, Nervosit\u00e4t und jede Menge Eindr\u00fccke &#8211; beim Derby der Rhein-Neckar-L\u00f6wen gegen den TVB Stuttgart am 24.11.19 in der SAP-Arena waren unsere Handballkids in Begleitung von 43 Begleitpersonen aus Trainern, Eltern, Geschwistern und Verwandten mittendrin im Geschehen. Bruno, Chiara, David, Emma, [&hellip;]<\/p>\n<br\/><br\/><a class=\"read-more\" href=\"https:\/\/www.handball-ulm.de\/?p=1959\"> Mehr lesen...<\/a>","protected":false},"author":10,"featured_media":1961,"comment_status":"closed","ping_status":"closed","sticky":false,"template":"","format":"standard","meta":{"ngg_post_thumbnail":0,"footnotes":""},"categories":[66,27,8,63],"tags":[],"_links":{"self":[{"href":"https:\/\/www.handball-ulm.de\/index.php?rest_route=\/wp\/v2\/posts\/1959"}],"collection":[{"href":"https:\/\/www.handball-ulm.de\/index.php?rest_route=\/wp\/v2\/posts"}],"about":[{"href":"https:\/\/www.handball-ulm.de\/index.php?rest_route=\/wp\/v2\/types\/post"}],"author":[{"embeddable":true,"href":"https:\/\/www.handball-ulm.de\/index.php?rest_route=\/wp\/v2\/users\/10"}],"replies":[{"embeddable":true,"href":"https:\/\/www.handball-ulm.de\/index.php?rest_route=%2Fwp%2Fv2%2Fcomments&post=1959"}],"version-history":[{"count":1,"href":"https:\/\/www.handball-ulm.de\/index.php?rest_route=\/wp\/v2\/posts\/1959\/revisions"}],"predecessor-version":[{"id":1966,"href":"https:\/\/www.handball-ulm.de\/index.php?rest_route=\/wp\/v2\/posts\/1959\/revisions\/1966"}],"wp:featuredmedia":[{"embeddable":true,"href":"https:\/\/www.handball-ulm.de\/index.php?rest_route=\/wp\/v2\/media\/1961"}],"wp:attachment":[{"href":"https:\/\/www.handball-ulm.de\/index.php?rest_route=%2Fwp%2Fv2%2Fmedia&parent=1959"}],"wp:term":[{"taxonomy":"category","embeddable":true,"href":"https:\/\/www.handball-ulm.de\/index.php?rest_route=%2Fwp%2Fv2%2Fcategories&post=1959"},{"taxonomy":"post_tag","embeddable":true,"href":"https:\/\/www.handball-ulm.de\/index.php?rest_route=%2Fwp%2Fv2%2Ftags&post=1959"}],"curies":[{"name":"wp","href":"https:\/\/api.w.org\/{rel}","templated":true}]}}