{"id":19543,"date":"2025-11-09T11:13:37","date_gmt":"2025-11-09T10:13:37","guid":{"rendered":"https:\/\/www.handball-ulm.de\/?p=19543"},"modified":"2025-11-09T11:15:08","modified_gmt":"2025-11-09T10:15:08","slug":"unentschieden-in-wangen","status":"publish","type":"post","link":"https:\/\/www.handball-ulm.de\/?p=19543","title":{"rendered":"Unentschieden in Wangen"},"content":{"rendered":"\n<p>Ein packendes Duell bis zur letzten Sekunde \u2013 am Ende sicherten wir uns beim Ausw\u00e4rtsspiel gegen die MTG Wangen ein hart erk\u00e4mpftes 28:28.<\/p>\n\n\n\n<p>Von Beginn an lagen wir zun\u00e4chst im R\u00fcckstand, konnten uns aber in der zweiten H\u00e4lfte zur\u00fcckk\u00e4mpfen. Lasse Schneiderhan erzielte das entscheidende Tor eine Sekunde vor Schluss und stellte so den Endstand her. Unsere Mannschaft zeigte dabei vollen Einsatz und blieb \u00fcber weite Strecken fair und konzentriert.<\/p>\n\n\n\n<p>Eindr\u00fccke vom Spiel gibt es wie immer in unserer <strong>Galerie<\/strong>.<br><\/p>\n\n\n\nngg_shortcode_0_placeholder\n\n\n\n<p><br><\/p>\n","protected":false},"excerpt":{"rendered":"<p>Ein packendes Duell bis zur letzten Sekunde \u2013 am Ende sicherten wir uns beim Ausw\u00e4rtsspiel gegen die MTG Wangen ein hart erk\u00e4mpftes 28:28. Von Beginn an lagen wir zun\u00e4chst im R\u00fcckstand, konnten uns aber in der zweiten H\u00e4lfte zur\u00fcckk\u00e4mpfen. Lasse Schneiderhan erzielte das entscheidende Tor eine Sekunde vor Schluss und stellte so den Endstand her. [&hellip;]<\/p>\n<br\/><br\/><a class=\"read-more\" href=\"https:\/\/www.handball-ulm.de\/?p=19543\"> Mehr lesen...<\/a>","protected":false},"author":20,"featured_media":19545,"comment_status":"closed","ping_status":"closed","sticky":false,"template":"","format":"standard","meta":{"ngg_post_thumbnail":0,"footnotes":""},"categories":[1,94,10,17,63],"tags":[],"_links":{"self":[{"href":"https:\/\/www.handball-ulm.de\/index.php?rest_route=\/wp\/v2\/posts\/19543"}],"collection":[{"href":"https:\/\/www.handball-ulm.de\/index.php?rest_route=\/wp\/v2\/posts"}],"about":[{"href":"https:\/\/www.handball-ulm.de\/index.php?rest_route=\/wp\/v2\/types\/post"}],"author":[{"embeddable":true,"href":"https:\/\/www.handball-ulm.de\/index.php?rest_route=\/wp\/v2\/users\/20"}],"replies":[{"embeddable":true,"href":"https:\/\/www.handball-ulm.de\/index.php?rest_route=%2Fwp%2Fv2%2Fcomments&post=19543"}],"version-history":[{"count":1,"href":"https:\/\/www.handball-ulm.de\/index.php?rest_route=\/wp\/v2\/posts\/19543\/revisions"}],"predecessor-version":[{"id":19544,"href":"https:\/\/www.handball-ulm.de\/index.php?rest_route=\/wp\/v2\/posts\/19543\/revisions\/19544"}],"wp:featuredmedia":[{"embeddable":true,"href":"https:\/\/www.handball-ulm.de\/index.php?rest_route=\/wp\/v2\/media\/19545"}],"wp:attachment":[{"href":"https:\/\/www.handball-ulm.de\/index.php?rest_route=%2Fwp%2Fv2%2Fmedia&parent=19543"}],"wp:term":[{"taxonomy":"category","embeddable":true,"href":"https:\/\/www.handball-ulm.de\/index.php?rest_route=%2Fwp%2Fv2%2Fcategories&post=19543"},{"taxonomy":"post_tag","embeddable":true,"href":"https:\/\/www.handball-ulm.de\/index.php?rest_route=%2Fwp%2Fv2%2Ftags&post=19543"}],"curies":[{"name":"wp","href":"https:\/\/api.w.org\/{rel}","templated":true}]}}