{"id":1952,"date":"2019-11-25T22:31:33","date_gmt":"2019-11-25T21:31:33","guid":{"rendered":"https:\/\/www.handball-ulm.de\/?p=1952"},"modified":"2020-05-02T21:44:27","modified_gmt":"2020-05-02T19:44:27","slug":"trainerfortbildung-intern-im-november","status":"publish","type":"post","link":"https:\/\/www.handball-ulm.de\/?p=1952","title":{"rendered":"Trainerfortbildung intern im November"},"content":{"rendered":"\n<figure class=\"wp-block-image\"><img loading=\"lazy\" decoding=\"async\" width=\"1024\" height=\"643\" src=\"https:\/\/www.handball-ulm.de\/wp-content\/uploads\/2019\/11\/WhatsApp-Image-2019-11-25-at-19.56.10-1024x643.jpeg\" alt=\"\" class=\"wp-image-1953\" srcset=\"https:\/\/www.handball-ulm.de\/wp-content\/uploads\/2019\/11\/WhatsApp-Image-2019-11-25-at-19.56.10-1024x643.jpeg 1024w, https:\/\/www.handball-ulm.de\/wp-content\/uploads\/2019\/11\/WhatsApp-Image-2019-11-25-at-19.56.10-300x188.jpeg 300w, https:\/\/www.handball-ulm.de\/wp-content\/uploads\/2019\/11\/WhatsApp-Image-2019-11-25-at-19.56.10-768x482.jpeg 768w, https:\/\/www.handball-ulm.de\/wp-content\/uploads\/2019\/11\/WhatsApp-Image-2019-11-25-at-19.56.10-1170x734.jpeg 1170w, https:\/\/www.handball-ulm.de\/wp-content\/uploads\/2019\/11\/WhatsApp-Image-2019-11-25-at-19.56.10.jpeg 1600w\" sizes=\"(max-width: 1024px) 100vw, 1024px\" \/><\/figure>\n\n\n\n<p>Am\nvergangenen Sonntag trafen sich unsere Trainer zu einer der regelm\u00e4\u00dfig\nstattfindenden SG-internen Trainerfortbildungen in der Tannenplatzhalle. Dieses\nMal mit einem etwas kleineren Teilnehmerkreis, da unsere F- und E-Jugendlichen\nsamt Trainern in der SAP-Arena beim Bundesliga-Spiel der Rhein-Neckar-L\u00f6wen\ngegen den TVB Stuttgart waren. <\/p>\n\n\n\n<p>Wie \u00fcblich starteten wir die Fortbildung mit einem ausgiebigen Fr\u00fchst\u00fcck. Anschlie\u00dfend standen die Themen Reaktionsschnelligkeit und k\u00f6rperbetontes Abwehrverhalten auf dem Programm. Unsere erfahrenen Trainer Ralf und Reiner konnten uns sowohl die Theorie als auch viele praktische \u00dcbungen hierzu vermitteln. Besonders unsere Jungtrainer konnten hierbei auch noch einige Tipps und Tricks f\u00fcr ihre eigene Handball-Karriere mitnehmen. Vielen Dank an Ralf und Reiner f\u00fcr die wie immer top durchgef\u00fchrte\u00a0 Fortbildung und an Susie f\u00fcr die Vorbereitung.<\/p>\n\n\n\n<figure class=\"wp-block-image\"><img loading=\"lazy\" decoding=\"async\" width=\"901\" height=\"910\" src=\"https:\/\/www.handball-ulm.de\/wp-content\/uploads\/2019\/11\/WhatsApp-Image-2019-11-25-at-19.56.101.jpeg\" alt=\"\" class=\"wp-image-1954\" srcset=\"https:\/\/www.handball-ulm.de\/wp-content\/uploads\/2019\/11\/WhatsApp-Image-2019-11-25-at-19.56.101.jpeg 901w, https:\/\/www.handball-ulm.de\/wp-content\/uploads\/2019\/11\/WhatsApp-Image-2019-11-25-at-19.56.101-150x150.jpeg 150w, https:\/\/www.handball-ulm.de\/wp-content\/uploads\/2019\/11\/WhatsApp-Image-2019-11-25-at-19.56.101-297x300.jpeg 297w, https:\/\/www.handball-ulm.de\/wp-content\/uploads\/2019\/11\/WhatsApp-Image-2019-11-25-at-19.56.101-768x776.jpeg 768w\" sizes=\"(max-width: 901px) 100vw, 901px\" \/><\/figure>\n\n\n\n<figure class=\"wp-block-image\"><img loading=\"lazy\" decoding=\"async\" width=\"1024\" height=\"598\" src=\"https:\/\/www.handball-ulm.de\/wp-content\/uploads\/2019\/11\/WhatsApp-Image-2019-11-25-at-19.56.12-1024x598.jpeg\" alt=\"\" class=\"wp-image-1955\" srcset=\"https:\/\/www.handball-ulm.de\/wp-content\/uploads\/2019\/11\/WhatsApp-Image-2019-11-25-at-19.56.12-1024x598.jpeg 1024w, https:\/\/www.handball-ulm.de\/wp-content\/uploads\/2019\/11\/WhatsApp-Image-2019-11-25-at-19.56.12-300x175.jpeg 300w, https:\/\/www.handball-ulm.de\/wp-content\/uploads\/2019\/11\/WhatsApp-Image-2019-11-25-at-19.56.12-768x449.jpeg 768w, https:\/\/www.handball-ulm.de\/wp-content\/uploads\/2019\/11\/WhatsApp-Image-2019-11-25-at-19.56.12-1170x683.jpeg 1170w, https:\/\/www.handball-ulm.de\/wp-content\/uploads\/2019\/11\/WhatsApp-Image-2019-11-25-at-19.56.12.jpeg 1469w\" sizes=\"(max-width: 1024px) 100vw, 1024px\" \/><\/figure>\n\n\n\n<figure class=\"wp-block-image\"><img loading=\"lazy\" decoding=\"async\" width=\"1024\" height=\"432\" src=\"https:\/\/www.handball-ulm.de\/wp-content\/uploads\/2019\/11\/WhatsApp-Image-2019-11-25-at-19.56.14-1024x432.jpeg\" alt=\"\" class=\"wp-image-1956\" srcset=\"https:\/\/www.handball-ulm.de\/wp-content\/uploads\/2019\/11\/WhatsApp-Image-2019-11-25-at-19.56.14-1024x432.jpeg 1024w, https:\/\/www.handball-ulm.de\/wp-content\/uploads\/2019\/11\/WhatsApp-Image-2019-11-25-at-19.56.14-300x126.jpeg 300w, https:\/\/www.handball-ulm.de\/wp-content\/uploads\/2019\/11\/WhatsApp-Image-2019-11-25-at-19.56.14-768x324.jpeg 768w, https:\/\/www.handball-ulm.de\/wp-content\/uploads\/2019\/11\/WhatsApp-Image-2019-11-25-at-19.56.14-1170x493.jpeg 1170w, https:\/\/www.handball-ulm.de\/wp-content\/uploads\/2019\/11\/WhatsApp-Image-2019-11-25-at-19.56.14.jpeg 1385w\" sizes=\"(max-width: 1024px) 100vw, 1024px\" \/><\/figure>\n\n\n\n<figure class=\"wp-block-image\"><img loading=\"lazy\" decoding=\"async\" width=\"1024\" height=\"576\" src=\"https:\/\/www.handball-ulm.de\/wp-content\/uploads\/2019\/11\/WhatsApp-Image-2019-11-25-at-21.57.35-1024x576.jpeg\" alt=\"\" class=\"wp-image-1957\" srcset=\"https:\/\/www.handball-ulm.de\/wp-content\/uploads\/2019\/11\/WhatsApp-Image-2019-11-25-at-21.57.35-1024x576.jpeg 1024w, https:\/\/www.handball-ulm.de\/wp-content\/uploads\/2019\/11\/WhatsApp-Image-2019-11-25-at-21.57.35-300x169.jpeg 300w, https:\/\/www.handball-ulm.de\/wp-content\/uploads\/2019\/11\/WhatsApp-Image-2019-11-25-at-21.57.35-768x432.jpeg 768w, https:\/\/www.handball-ulm.de\/wp-content\/uploads\/2019\/11\/WhatsApp-Image-2019-11-25-at-21.57.35-1170x658.jpeg 1170w, https:\/\/www.handball-ulm.de\/wp-content\/uploads\/2019\/11\/WhatsApp-Image-2019-11-25-at-21.57.35.jpeg 1600w\" sizes=\"(max-width: 1024px) 100vw, 1024px\" \/><\/figure>\n","protected":false},"excerpt":{"rendered":"<p>Am vergangenen Sonntag trafen sich unsere Trainer zu einer der regelm\u00e4\u00dfig stattfindenden SG-internen Trainerfortbildungen in der Tannenplatzhalle. Dieses Mal mit einem etwas kleineren Teilnehmerkreis, da unsere F- und E-Jugendlichen samt Trainern in der SAP-Arena beim Bundesliga-Spiel der Rhein-Neckar-L\u00f6wen gegen den TVB Stuttgart waren. Wie \u00fcblich starteten wir die Fortbildung mit einem ausgiebigen Fr\u00fchst\u00fcck. Anschlie\u00dfend standen [&hellip;]<\/p>\n<br\/><br\/><a class=\"read-more\" href=\"https:\/\/www.handball-ulm.de\/?p=1952\"> Mehr lesen...<\/a>","protected":false},"author":10,"featured_media":1956,"comment_status":"closed","ping_status":"closed","sticky":false,"template":"","format":"standard","meta":{"ngg_post_thumbnail":0,"footnotes":""},"categories":[1,66,8,63],"tags":[],"_links":{"self":[{"href":"https:\/\/www.handball-ulm.de\/index.php?rest_route=\/wp\/v2\/posts\/1952"}],"collection":[{"href":"https:\/\/www.handball-ulm.de\/index.php?rest_route=\/wp\/v2\/posts"}],"about":[{"href":"https:\/\/www.handball-ulm.de\/index.php?rest_route=\/wp\/v2\/types\/post"}],"author":[{"embeddable":true,"href":"https:\/\/www.handball-ulm.de\/index.php?rest_route=\/wp\/v2\/users\/10"}],"replies":[{"embeddable":true,"href":"https:\/\/www.handball-ulm.de\/index.php?rest_route=%2Fwp%2Fv2%2Fcomments&post=1952"}],"version-history":[{"count":1,"href":"https:\/\/www.handball-ulm.de\/index.php?rest_route=\/wp\/v2\/posts\/1952\/revisions"}],"predecessor-version":[{"id":1958,"href":"https:\/\/www.handball-ulm.de\/index.php?rest_route=\/wp\/v2\/posts\/1952\/revisions\/1958"}],"wp:featuredmedia":[{"embeddable":true,"href":"https:\/\/www.handball-ulm.de\/index.php?rest_route=\/wp\/v2\/media\/1956"}],"wp:attachment":[{"href":"https:\/\/www.handball-ulm.de\/index.php?rest_route=%2Fwp%2Fv2%2Fmedia&parent=1952"}],"wp:term":[{"taxonomy":"category","embeddable":true,"href":"https:\/\/www.handball-ulm.de\/index.php?rest_route=%2Fwp%2Fv2%2Fcategories&post=1952"},{"taxonomy":"post_tag","embeddable":true,"href":"https:\/\/www.handball-ulm.de\/index.php?rest_route=%2Fwp%2Fv2%2Ftags&post=1952"}],"curies":[{"name":"wp","href":"https:\/\/api.w.org\/{rel}","templated":true}]}}