{"id":19402,"date":"2025-11-05T19:23:13","date_gmt":"2025-11-05T18:23:13","guid":{"rendered":"https:\/\/www.handball-ulm.de\/?p=19402"},"modified":"2025-11-05T19:23:15","modified_gmt":"2025-11-05T18:23:15","slug":"mini-wm-2025-ein-unvergessliches-handball-wochenende-in-ulm","status":"publish","type":"post","link":"https:\/\/www.handball-ulm.de\/?p=19402","title":{"rendered":"Mini WM 2025 \u2013 Ein unvergessliches Handball-Wochenende in Ulm!"},"content":{"rendered":"\n<p>Was f\u00fcr ein Event! Die <strong>Mini WM 2025<\/strong> in der <strong>Kuhberghalle Ulm<\/strong> war f\u00fcr unsere Jugend ein echtes Highlight. Drei Teams der <strong>SG Ulm\/Wiblingen<\/strong> \u2013 <strong>Senegal<\/strong>, <strong>Schweiz<\/strong> und <strong>Tunesien<\/strong> \u2013 waren mit vollem Einsatz am Start und zeigten, was Handballleidenschaft bedeutet.<\/p>\n\n\n\n<p>Zwei Tage lang herrschte in der Halle pure Energie: <strong>spannende Spiele<\/strong>, <strong>lautstarke Anfeuerungen<\/strong>, <strong>Jubelst\u00fcrme<\/strong> und auch mal die ein oder andere Tr\u00e4ne \u2013 eben alles, was unseren Sport so besonders macht. Die Kinder k\u00e4mpften mit Herz, spielten mit Freude und wuchsen \u00fcber sich hinaus. \ud83d\udcaa<\/p>\n\n\n\n<p>Ein gro\u00dfes <strong>Dankesch\u00f6n<\/strong> geht an alle <strong>Eltern, Geschwister, Freunde und Fans<\/strong>, die mit ihrer Begeisterung f\u00fcr eine gro\u00dfartige Stimmung sorgten. Ohne euch w\u00e4re dieses Wochenende nur halb so sch\u00f6n gewesen!<\/p>\n\n\n\n<p>Wir sind stolz auf unsere kleinen Stars \u2013 ihr habt gezeigt, dass echter <strong>Teamgeist<\/strong> keine Altersgrenze kennt. <\/p>\n\n\n\nngg_shortcode_0_placeholder\n\n\n\n<p><br><\/p>\n","protected":false},"excerpt":{"rendered":"<p>Was f\u00fcr ein Event! Die Mini WM 2025 in der Kuhberghalle Ulm war f\u00fcr unsere Jugend ein echtes Highlight. Drei Teams der SG Ulm\/Wiblingen \u2013 Senegal, Schweiz und Tunesien \u2013 waren mit vollem Einsatz am Start und zeigten, was Handballleidenschaft bedeutet. Zwei Tage lang herrschte in der Halle pure Energie: spannende Spiele, lautstarke Anfeuerungen, Jubelst\u00fcrme [&hellip;]<\/p>\n<br\/><br\/><a class=\"read-more\" href=\"https:\/\/www.handball-ulm.de\/?p=19402\"> Mehr lesen...<\/a>","protected":false},"author":20,"featured_media":19403,"comment_status":"closed","ping_status":"closed","sticky":false,"template":"","format":"standard","meta":{"ngg_post_thumbnail":0,"footnotes":""},"categories":[1,94,10,63],"tags":[],"_links":{"self":[{"href":"https:\/\/www.handball-ulm.de\/index.php?rest_route=\/wp\/v2\/posts\/19402"}],"collection":[{"href":"https:\/\/www.handball-ulm.de\/index.php?rest_route=\/wp\/v2\/posts"}],"about":[{"href":"https:\/\/www.handball-ulm.de\/index.php?rest_route=\/wp\/v2\/types\/post"}],"author":[{"embeddable":true,"href":"https:\/\/www.handball-ulm.de\/index.php?rest_route=\/wp\/v2\/users\/20"}],"replies":[{"embeddable":true,"href":"https:\/\/www.handball-ulm.de\/index.php?rest_route=%2Fwp%2Fv2%2Fcomments&post=19402"}],"version-history":[{"count":1,"href":"https:\/\/www.handball-ulm.de\/index.php?rest_route=\/wp\/v2\/posts\/19402\/revisions"}],"predecessor-version":[{"id":19404,"href":"https:\/\/www.handball-ulm.de\/index.php?rest_route=\/wp\/v2\/posts\/19402\/revisions\/19404"}],"wp:featuredmedia":[{"embeddable":true,"href":"https:\/\/www.handball-ulm.de\/index.php?rest_route=\/wp\/v2\/media\/19403"}],"wp:attachment":[{"href":"https:\/\/www.handball-ulm.de\/index.php?rest_route=%2Fwp%2Fv2%2Fmedia&parent=19402"}],"wp:term":[{"taxonomy":"category","embeddable":true,"href":"https:\/\/www.handball-ulm.de\/index.php?rest_route=%2Fwp%2Fv2%2Fcategories&post=19402"},{"taxonomy":"post_tag","embeddable":true,"href":"https:\/\/www.handball-ulm.de\/index.php?rest_route=%2Fwp%2Fv2%2Ftags&post=19402"}],"curies":[{"name":"wp","href":"https:\/\/api.w.org\/{rel}","templated":true}]}}