{"id":19386,"date":"2025-09-27T22:00:00","date_gmt":"2025-09-27T20:00:00","guid":{"rendered":"https:\/\/www.handball-ulm.de\/?p=19386"},"modified":"2025-10-23T17:27:07","modified_gmt":"2025-10-23T15:27:07","slug":"schwerer-saisonstart","status":"publish","type":"post","link":"https:\/\/www.handball-ulm.de\/?p=19386","title":{"rendered":"Schwerer Saisonstart"},"content":{"rendered":"\n<p>Zum ersten Ligaspiel der Saison ging es f\u00fcr die M\u00e4nner der SG Ulm &amp; Wiblingen zur SG Burlafingen\/PSV Ulm. Ohne volle Bank und ohne Torh\u00fcter war die Ausgangslage nicht optimal.<\/p>\n\n\n\n<p>Die Gastgeber starteten stark in das Spiel, so dass die Ulmer nach 10 Minuten mit 6:2 zur\u00fcck lagen. Auch im weiteren Verlauf der ersten Halbzeit waren die Burlafinger \u00fcberlegen und zwischenzeitlich 8 Toren voraus. Dieser Abstand konnte bis zur Halbzeit auf 16:10 verk\u00fcrzt werden.<\/p>\n\n\n\n<p>Die zweite Halbzeit wurde ebenfalls von den Gastgebern dominiert. Der zwischenzeitliche R\u00fcckstand von 9 Toren verringerte sich zwar im Verlaufe der zweiten 30 Minuten, wuchs dann aber wieder an, so dass das Spiel am Ende mit 33:23 verloren ging.<\/p>\n\n\n\n<p>F\u00fcr die SG spielten:<br>Luca Sepp<br>Yannick Sepp (2)<br>Manuel Hiller (1)<br>Dominik Cierpka (1)<br>Frederico Madeira<br>Louis Tradowsky (2)<br>Franz Hetzelberger (10)<br>Robin Teichert (1)<br>Johannes Kl\u00f6ss (6)<\/p>\n","protected":false},"excerpt":{"rendered":"<p>Zum ersten Ligaspiel der Saison ging es f\u00fcr die M\u00e4nner der SG Ulm &amp; Wiblingen zur SG Burlafingen\/PSV Ulm. Ohne volle Bank und ohne Torh\u00fcter war die Ausgangslage nicht optimal. Die Gastgeber starteten stark in das Spiel, so dass die Ulmer nach 10 Minuten mit 6:2 zur\u00fcck lagen. Auch im weiteren Verlauf der ersten Halbzeit [&hellip;]<\/p>\n<br\/><br\/><a class=\"read-more\" href=\"https:\/\/www.handball-ulm.de\/?p=19386\"> Mehr lesen...<\/a>","protected":false},"author":15,"featured_media":0,"comment_status":"closed","ping_status":"closed","sticky":false,"template":"","format":"standard","meta":{"ngg_post_thumbnail":0,"footnotes":""},"categories":[11,63],"tags":[],"_links":{"self":[{"href":"https:\/\/www.handball-ulm.de\/index.php?rest_route=\/wp\/v2\/posts\/19386"}],"collection":[{"href":"https:\/\/www.handball-ulm.de\/index.php?rest_route=\/wp\/v2\/posts"}],"about":[{"href":"https:\/\/www.handball-ulm.de\/index.php?rest_route=\/wp\/v2\/types\/post"}],"author":[{"embeddable":true,"href":"https:\/\/www.handball-ulm.de\/index.php?rest_route=\/wp\/v2\/users\/15"}],"replies":[{"embeddable":true,"href":"https:\/\/www.handball-ulm.de\/index.php?rest_route=%2Fwp%2Fv2%2Fcomments&post=19386"}],"version-history":[{"count":1,"href":"https:\/\/www.handball-ulm.de\/index.php?rest_route=\/wp\/v2\/posts\/19386\/revisions"}],"predecessor-version":[{"id":19387,"href":"https:\/\/www.handball-ulm.de\/index.php?rest_route=\/wp\/v2\/posts\/19386\/revisions\/19387"}],"wp:attachment":[{"href":"https:\/\/www.handball-ulm.de\/index.php?rest_route=%2Fwp%2Fv2%2Fmedia&parent=19386"}],"wp:term":[{"taxonomy":"category","embeddable":true,"href":"https:\/\/www.handball-ulm.de\/index.php?rest_route=%2Fwp%2Fv2%2Fcategories&post=19386"},{"taxonomy":"post_tag","embeddable":true,"href":"https:\/\/www.handball-ulm.de\/index.php?rest_route=%2Fwp%2Fv2%2Ftags&post=19386"}],"curies":[{"name":"wp","href":"https:\/\/api.w.org\/{rel}","templated":true}]}}