{"id":19382,"date":"2025-10-04T19:00:00","date_gmt":"2025-10-04T17:00:00","guid":{"rendered":"https:\/\/www.handball-ulm.de\/?p=19382"},"modified":"2025-10-23T17:28:55","modified_gmt":"2025-10-23T15:28:55","slug":"gut-standgehalten","status":"publish","type":"post","link":"https:\/\/www.handball-ulm.de\/?p=19382","title":{"rendered":"Gut Standgehalten"},"content":{"rendered":"\n<p>Zum ersten Pokalspiel der Saison kam die SG Herbrechtingen-Bolheim 2 nach Wiblingen. Die Ausgangslage f\u00fcr die M\u00e4nner der SG Ulm &amp; Wiblingen war nicht gut: Zum einen fehlte verletzungsbedingt der Torh\u00fcter und zum anderen fehlten auch auf dem Feld mehrere Spieler. So waren insgesamt nur 7 Spieler anwesend.<\/p>\n\n\n\n<p>Trotz dessen konnten sich die Ulmer \u00fcber weite Strecken behaupten. Nachdem sich die Herbrechtinger einen Vorsprung von 4 Toren zum 4:8 herausarbeiteten, wurde dieser wieder kleiner und sogar die F\u00fchrung konnte zeitweise erzielt werden. Die erste Halbzeit ging 18:18 zu Ende.<\/p>\n\n\n\n<p>In die zweite H\u00e4lfte starteten die Ulmer erneut mit der F\u00fchrung, die allerdings nach 4 Minuten wieder abgegeben wurde. Das weiterhin recht ausgeglichene Spiel endete mit dem Spielstand von 34:38.<\/p>\n\n\n\n<p>Damit lieferte die SG Ulm &amp; Wiblingen trotz der geringen Spielerzahl eine gute Leistung ab.<\/p>\n\n\n\n<p>F\u00fcr die SG spielten:<br>Luca Sepp<br>Frederico Madeira (1)<br>Dominik Cierpka (5)<br>Mathis Knaudt (7)<br>Julian M\u00fcller (6)<br>Yannick Sepp (7)<br>Robin Teichert (8)<\/p>\n","protected":false},"excerpt":{"rendered":"<p>Zum ersten Pokalspiel der Saison kam die SG Herbrechtingen-Bolheim 2 nach Wiblingen. Die Ausgangslage f\u00fcr die M\u00e4nner der SG Ulm &amp; Wiblingen war nicht gut: Zum einen fehlte verletzungsbedingt der Torh\u00fcter und zum anderen fehlten auch auf dem Feld mehrere Spieler. So waren insgesamt nur 7 Spieler anwesend. Trotz dessen konnten sich die Ulmer \u00fcber [&hellip;]<\/p>\n<br\/><br\/><a class=\"read-more\" href=\"https:\/\/www.handball-ulm.de\/?p=19382\"> Mehr lesen...<\/a>","protected":false},"author":15,"featured_media":0,"comment_status":"closed","ping_status":"closed","sticky":false,"template":"","format":"standard","meta":{"ngg_post_thumbnail":0,"footnotes":""},"categories":[11,63],"tags":[],"_links":{"self":[{"href":"https:\/\/www.handball-ulm.de\/index.php?rest_route=\/wp\/v2\/posts\/19382"}],"collection":[{"href":"https:\/\/www.handball-ulm.de\/index.php?rest_route=\/wp\/v2\/posts"}],"about":[{"href":"https:\/\/www.handball-ulm.de\/index.php?rest_route=\/wp\/v2\/types\/post"}],"author":[{"embeddable":true,"href":"https:\/\/www.handball-ulm.de\/index.php?rest_route=\/wp\/v2\/users\/15"}],"replies":[{"embeddable":true,"href":"https:\/\/www.handball-ulm.de\/index.php?rest_route=%2Fwp%2Fv2%2Fcomments&post=19382"}],"version-history":[{"count":3,"href":"https:\/\/www.handball-ulm.de\/index.php?rest_route=\/wp\/v2\/posts\/19382\/revisions"}],"predecessor-version":[{"id":19388,"href":"https:\/\/www.handball-ulm.de\/index.php?rest_route=\/wp\/v2\/posts\/19382\/revisions\/19388"}],"wp:attachment":[{"href":"https:\/\/www.handball-ulm.de\/index.php?rest_route=%2Fwp%2Fv2%2Fmedia&parent=19382"}],"wp:term":[{"taxonomy":"category","embeddable":true,"href":"https:\/\/www.handball-ulm.de\/index.php?rest_route=%2Fwp%2Fv2%2Fcategories&post=19382"},{"taxonomy":"post_tag","embeddable":true,"href":"https:\/\/www.handball-ulm.de\/index.php?rest_route=%2Fwp%2Fv2%2Ftags&post=19382"}],"curies":[{"name":"wp","href":"https:\/\/api.w.org\/{rel}","templated":true}]}}