{"id":19340,"date":"2025-09-29T23:12:44","date_gmt":"2025-09-29T21:12:44","guid":{"rendered":"https:\/\/www.handball-ulm.de\/?p=19340"},"modified":"2025-09-29T23:12:46","modified_gmt":"2025-09-29T21:12:46","slug":"mini-minis-weststadt-saison-bericht-2025-26","status":"publish","type":"post","link":"https:\/\/www.handball-ulm.de\/?p=19340","title":{"rendered":"Mini Minis Weststadt: Saison Bericht 2025\/26"},"content":{"rendered":"\n<p><strong>Wir sind eine Handballmannschaft!<\/strong><\/p>\n\n\n\n<p><strong>Wir haben: Spa\u00df!<\/strong><\/p>\n\n\n\n<p><strong>Wir sagen immer ich kann das!<\/strong><\/p>\n\n\n\n<p><strong>Wir sind die MINIMINIS!<\/strong><\/p>\n\n\n\n<p>Unsere Miniminis sind eine bunte Truppe von jungen Nachwuchsspielern, die mit viel Freude am Handballspielen ihr erstes Grundwissen erwerben. Hier steht der Spa\u00df am Bewegen im Vordergrund: rennen, werfen, fangen, zielen \u2013 alles in spielerischer Form und angepasst an die F\u00e4higkeiten der Kinder. Dabei lernen sie die Grundlagen des Spiels kennen: Ballkontrolle, Positionsgef\u00fchl und Teamgeist. Wir Trainer achten darauf, dass sich jedes Kind wohlf\u00fchlt und Freunde an Bewegung mit Ball hat, um sp\u00e4ter mal ein guter Handballspieler zu werden.<\/p>\n","protected":false},"excerpt":{"rendered":"<p>Wir sind eine Handballmannschaft! Wir haben: Spa\u00df! Wir sagen immer ich kann das! Wir sind die MINIMINIS! Unsere Miniminis sind eine bunte Truppe von jungen Nachwuchsspielern, die mit viel Freude am Handballspielen ihr erstes Grundwissen erwerben. Hier steht der Spa\u00df am Bewegen im Vordergrund: rennen, werfen, fangen, zielen \u2013 alles in spielerischer Form und angepasst [&hellip;]<\/p>\n<br\/><br\/><a class=\"read-more\" href=\"https:\/\/www.handball-ulm.de\/?p=19340\"> Mehr lesen...<\/a>","protected":false},"author":1,"featured_media":0,"comment_status":"closed","ping_status":"closed","sticky":false,"template":"","format":"standard","meta":{"ngg_post_thumbnail":0,"footnotes":""},"categories":[31],"tags":[],"_links":{"self":[{"href":"https:\/\/www.handball-ulm.de\/index.php?rest_route=\/wp\/v2\/posts\/19340"}],"collection":[{"href":"https:\/\/www.handball-ulm.de\/index.php?rest_route=\/wp\/v2\/posts"}],"about":[{"href":"https:\/\/www.handball-ulm.de\/index.php?rest_route=\/wp\/v2\/types\/post"}],"author":[{"embeddable":true,"href":"https:\/\/www.handball-ulm.de\/index.php?rest_route=\/wp\/v2\/users\/1"}],"replies":[{"embeddable":true,"href":"https:\/\/www.handball-ulm.de\/index.php?rest_route=%2Fwp%2Fv2%2Fcomments&post=19340"}],"version-history":[{"count":1,"href":"https:\/\/www.handball-ulm.de\/index.php?rest_route=\/wp\/v2\/posts\/19340\/revisions"}],"predecessor-version":[{"id":19341,"href":"https:\/\/www.handball-ulm.de\/index.php?rest_route=\/wp\/v2\/posts\/19340\/revisions\/19341"}],"wp:attachment":[{"href":"https:\/\/www.handball-ulm.de\/index.php?rest_route=%2Fwp%2Fv2%2Fmedia&parent=19340"}],"wp:term":[{"taxonomy":"category","embeddable":true,"href":"https:\/\/www.handball-ulm.de\/index.php?rest_route=%2Fwp%2Fv2%2Fcategories&post=19340"},{"taxonomy":"post_tag","embeddable":true,"href":"https:\/\/www.handball-ulm.de\/index.php?rest_route=%2Fwp%2Fv2%2Ftags&post=19340"}],"curies":[{"name":"wp","href":"https:\/\/api.w.org\/{rel}","templated":true}]}}