{"id":19313,"date":"2025-09-27T11:38:58","date_gmt":"2025-09-27T09:38:58","guid":{"rendered":"https:\/\/www.handball-ulm.de\/?p=19313"},"modified":"2025-09-27T11:40:44","modified_gmt":"2025-09-27T09:40:44","slug":"weiblich-b-jugend-vorbericht-2025-26","status":"publish","type":"post","link":"https:\/\/www.handball-ulm.de\/?p=19313","title":{"rendered":"Weiblich B-Jugend: Vorbericht 2025\/26"},"content":{"rendered":"\n<p>Nach der Saison ist vor der Saison! Ganz in diesem Sinne begann nach nur 5 Trainings in der neuen Mannschaftszusammenstellung die neue Saison direkt im Mai an einem Sonntag mit den Qualifikationsspielen zur Bezirksoberliga in Hard.<\/p>\n\n\n\n<p>Die Erwartungen waren gemischt &#8211; von einer reibungslosen Quali \u00fcber die Frage ob man mithalten kann war alles drin. Alles war angerichtet f\u00fcr einen spannenden Sonntag. Der Gastgeber Hard begann gegen Friedrichshafen-Fischbach und das sah alles richtig gut aus. Eine gewisse Unsicherheit wuchs aber mit Anpfiff des ersten Spiels war klar in den Wettkampfmodus geschalten und die Nachbarn aus Langenau\/Elchingen wurden mit 7:19 \u00fcberrollt. Den Drive nahmen die M\u00e4dels mit und konnten auch die beiden weitern Spiele teils sehr klar f\u00fcr sich entscheiden. Am Ende stand ein paar Tage sp\u00e4ter fest das die Quali zur BOL bereits in Runde 1 geschafft war.<\/p>\n\n\n\n<p>Auf dem weiteren Weg zur Vorbereitung hat die Mannschaft noch das allj\u00e4hrliche Turnier in Brenz in der Altersklasse klar gewonnen, und hierbei auf Grund der Turnierkonstellation auch erfolgreich gegen A-Jugenden bestanden. Mit viel Engagement trotz der Ferienzeit wird je nach Verf\u00fcgbarkeit nach Vorgabe allein, auf der Bezirkssportanlage oder auch bald wieder in den Hallen an einem erfolgreichen Start in der Liga gearbeitet. Zu allererst geht es direkt nach Lindau, hier werden b\u00f6se Erinnerungen bei einigen Spielerinnen wach, entschied doch genau diese Mannschaft im letzten Jahr durch einen 1 Tore Sieg in unserer Tannenplatzhalle die Meisterschaft am letzten Spieltag f\u00fcr sich.<\/p>\n\n\n\n<p>Aber das war letztes Jahr \u2013 dieses Jahr sind wir gewillt alles zugeben um das anders ausgehen zu lassen.<\/p>\n\n\n\n<p>Mit Natalie und Robby sind zwei neue Trainer hinzugekommen und werden die Arbeit aus dem vergangenen Jahr weiterf\u00fchren. Wir freuen uns auf Unterst\u00fctzung in der Halle!<\/p>\n\n\n\n<p>Das Team der wB<\/p>\n","protected":false},"excerpt":{"rendered":"<p>Nach der Saison ist vor der Saison! Ganz in diesem Sinne begann nach nur 5 Trainings in der neuen Mannschaftszusammenstellung die neue Saison direkt im Mai an einem Sonntag mit den Qualifikationsspielen zur Bezirksoberliga in Hard. Die Erwartungen waren gemischt &#8211; von einer reibungslosen Quali \u00fcber die Frage ob man mithalten kann war alles drin. [&hellip;]<\/p>\n<br\/><br\/><a class=\"read-more\" href=\"https:\/\/www.handball-ulm.de\/?p=19313\"> Mehr lesen...<\/a>","protected":false},"author":1,"featured_media":0,"comment_status":"closed","ping_status":"closed","sticky":false,"template":"","format":"standard","meta":{"ngg_post_thumbnail":0,"footnotes":""},"categories":[63,18],"tags":[],"_links":{"self":[{"href":"https:\/\/www.handball-ulm.de\/index.php?rest_route=\/wp\/v2\/posts\/19313"}],"collection":[{"href":"https:\/\/www.handball-ulm.de\/index.php?rest_route=\/wp\/v2\/posts"}],"about":[{"href":"https:\/\/www.handball-ulm.de\/index.php?rest_route=\/wp\/v2\/types\/post"}],"author":[{"embeddable":true,"href":"https:\/\/www.handball-ulm.de\/index.php?rest_route=\/wp\/v2\/users\/1"}],"replies":[{"embeddable":true,"href":"https:\/\/www.handball-ulm.de\/index.php?rest_route=%2Fwp%2Fv2%2Fcomments&post=19313"}],"version-history":[{"count":1,"href":"https:\/\/www.handball-ulm.de\/index.php?rest_route=\/wp\/v2\/posts\/19313\/revisions"}],"predecessor-version":[{"id":19314,"href":"https:\/\/www.handball-ulm.de\/index.php?rest_route=\/wp\/v2\/posts\/19313\/revisions\/19314"}],"wp:attachment":[{"href":"https:\/\/www.handball-ulm.de\/index.php?rest_route=%2Fwp%2Fv2%2Fmedia&parent=19313"}],"wp:term":[{"taxonomy":"category","embeddable":true,"href":"https:\/\/www.handball-ulm.de\/index.php?rest_route=%2Fwp%2Fv2%2Fcategories&post=19313"},{"taxonomy":"post_tag","embeddable":true,"href":"https:\/\/www.handball-ulm.de\/index.php?rest_route=%2Fwp%2Fv2%2Ftags&post=19313"}],"curies":[{"name":"wp","href":"https:\/\/api.w.org\/{rel}","templated":true}]}}