{"id":19270,"date":"2025-09-24T14:49:05","date_gmt":"2025-09-24T12:49:05","guid":{"rendered":"https:\/\/www.handball-ulm.de\/?p=19270"},"modified":"2025-10-04T15:32:32","modified_gmt":"2025-10-04T13:32:32","slug":"eitle-cup-burlafingen-sieg-fuer-die-weibliche-b-jugend","status":"publish","type":"post","link":"https:\/\/www.handball-ulm.de\/?p=19270","title":{"rendered":"Eitle-Cup Burlafingen \u2013 Sieg f\u00fcr die weibliche B-Jugend"},"content":{"rendered":"\n<figure class=\"wp-block-image size-large\"><img loading=\"lazy\" decoding=\"async\" width=\"768\" height=\"1024\" src=\"https:\/\/www.handball-ulm.de\/wp-content\/uploads\/2025\/09\/IMG-20250921-WA0000-768x1024.jpg\" alt=\"Pokel Eitle-Cup Burlafingen 2025\" class=\"wp-image-19272\" srcset=\"https:\/\/www.handball-ulm.de\/wp-content\/uploads\/2025\/09\/IMG-20250921-WA0000-768x1024.jpg 768w, https:\/\/www.handball-ulm.de\/wp-content\/uploads\/2025\/09\/IMG-20250921-WA0000-225x300.jpg 225w, https:\/\/www.handball-ulm.de\/wp-content\/uploads\/2025\/09\/IMG-20250921-WA0000-1152x1536.jpg 1152w, https:\/\/www.handball-ulm.de\/wp-content\/uploads\/2025\/09\/IMG-20250921-WA0000-1170x1560.jpg 1170w, https:\/\/www.handball-ulm.de\/wp-content\/uploads\/2025\/09\/IMG-20250921-WA0000.jpg 1200w\" sizes=\"(max-width: 768px) 100vw, 768px\" \/><figcaption class=\"wp-element-caption\">Pokal Eitle-Cup Burlafingen 2025<\/figcaption><\/figure>\n\n\n\n<p>Am Samstag, den 13.09.2025, war unsere weibliche B-Jugend beim Eitle-Cup in Burlafingen im Einsatz. Gespielt wurde in einer Dreiergruppe \u2013 drei Partien, direkte Abschlusstabelle, kein Raum f\u00fcr Ausrutscher.<\/p>\n\n\n\n<p>Nach einer kurzen Aufw\u00e4rmphase an der frischen Luft ging es gleich im ersten Spiel gegen die Ligakonkurrenten aus Langenau\/Elchingen. Der Gegner lag uns schon in der Qualirunde und auch in Sontheim gut, und so stand nach 24 Minuten ein souver\u00e4nes 17:8 auf der Anzeigetafel \u2013 die ersten beiden Punkte waren sicher. Mal sehen, ob das auch in der Runde so weitergeht.<\/p>\n\n\n\n<p>Im zweiten Spiel wartete mit dem FC Bayern M\u00fcnchen 2 ein prominenter Name aus der bayerischen Landeshauptstadt. Von Beginn an lief alles nach Plan: Bis zur 10. Minute stand es 5:0, ohne ein einziges Gegentor. Am Ende hie\u00df es 13:8 \u2013 das Ziel Turniersieg kam damit in greifbare N\u00e4he. Zum Abschluss trafen wir auf die Gastgeber aus Burlafingen (2), den vermeintlich schw\u00e4chsten Gegner. Doch wo Licht ist, gibt es auch Schatten: Ob aus \u00dcbermut oder \u00dcbermotivation \u2013 hier lieferten wir unser schw\u00e4chstes Spiel der gesamten Vorbereitung ab. Am Ende stand dennoch ein 15:9-Erfolg, wenn auch unn\u00f6tig verkrampft und holprig.<\/p>\n\n\n\n<p>Damit geht ein weiteres erfolgreiches Turnier auf unser Konto.<\/p>\n\n\n\n<p>Ein besonderer Dank an unsere Marie, die trotz Geburtstagsfeier mit dabei war, das Team unterst\u00fctzte \u2013 und es leider nicht mehr aufs Mannschaftsfoto geschafft hat!<\/p>\n\n\n\n<p>Die Vorbereitung ist nun fast abgeschlossen. Am 27.09. starten wir direkt gegen unseren Angstgegner der letzten Saison \u2013 Lindau \u2013 in die neue Runde. Zeit, den Spie\u00df umzudrehen und Punkte aus Lindau zu entf\u00fchren. Bis bald in der Halle!<br>Die Vorbereitung ist nun fast abgeschlossen. Am 27.09. starten wir direkt gegen unseren Angstgegner der letzten Saison \u2013 Lindau \u2013 in die neue Runde. Zeit, den Spie\u00df umzudrehen und Punkte aus Lindau zu entf\u00fchren. Bis bald in der Halle!<\/p>\n\n\n\n<figure class=\"wp-block-image size-large\"><img loading=\"lazy\" decoding=\"async\" width=\"1024\" height=\"671\" src=\"https:\/\/www.handball-ulm.de\/wp-content\/uploads\/2025\/09\/IMG-20250921-WA0003-1024x671.jpg\" alt=\"wB Eitel-Cup Burlafingen 2025\" class=\"wp-image-19273\" srcset=\"https:\/\/www.handball-ulm.de\/wp-content\/uploads\/2025\/09\/IMG-20250921-WA0003-1024x671.jpg 1024w, https:\/\/www.handball-ulm.de\/wp-content\/uploads\/2025\/09\/IMG-20250921-WA0003-300x197.jpg 300w, https:\/\/www.handball-ulm.de\/wp-content\/uploads\/2025\/09\/IMG-20250921-WA0003-768x503.jpg 768w, https:\/\/www.handball-ulm.de\/wp-content\/uploads\/2025\/09\/IMG-20250921-WA0003-1170x767.jpg 1170w, https:\/\/www.handball-ulm.de\/wp-content\/uploads\/2025\/09\/IMG-20250921-WA0003.jpg 1485w\" sizes=\"(max-width: 1024px) 100vw, 1024px\" \/><figcaption class=\"wp-element-caption\">wB Gruppenbild &#8211; Eitle-Cup Burlafingen 2025<\/figcaption><\/figure>\n","protected":false},"excerpt":{"rendered":"<p>Am Samstag, den 13.09.2025, war unsere weibliche B-Jugend beim Eitle-Cup in Burlafingen im Einsatz. Gespielt wurde in einer Dreiergruppe \u2013 drei Partien, direkte Abschlusstabelle, kein Raum f\u00fcr Ausrutscher. Nach einer kurzen Aufw\u00e4rmphase an der frischen Luft ging es gleich im ersten Spiel gegen die Ligakonkurrenten aus Langenau\/Elchingen. Der Gegner lag uns schon in der Qualirunde [&hellip;]<\/p>\n<br\/><br\/><a class=\"read-more\" href=\"https:\/\/www.handball-ulm.de\/?p=19270\"> Mehr lesen...<\/a>","protected":false},"author":20,"featured_media":19272,"comment_status":"closed","ping_status":"closed","sticky":false,"template":"","format":"standard","meta":{"ngg_post_thumbnail":0,"footnotes":""},"categories":[1,94,63,18],"tags":[],"_links":{"self":[{"href":"https:\/\/www.handball-ulm.de\/index.php?rest_route=\/wp\/v2\/posts\/19270"}],"collection":[{"href":"https:\/\/www.handball-ulm.de\/index.php?rest_route=\/wp\/v2\/posts"}],"about":[{"href":"https:\/\/www.handball-ulm.de\/index.php?rest_route=\/wp\/v2\/types\/post"}],"author":[{"embeddable":true,"href":"https:\/\/www.handball-ulm.de\/index.php?rest_route=\/wp\/v2\/users\/20"}],"replies":[{"embeddable":true,"href":"https:\/\/www.handball-ulm.de\/index.php?rest_route=%2Fwp%2Fv2%2Fcomments&post=19270"}],"version-history":[{"count":4,"href":"https:\/\/www.handball-ulm.de\/index.php?rest_route=\/wp\/v2\/posts\/19270\/revisions"}],"predecessor-version":[{"id":19360,"href":"https:\/\/www.handball-ulm.de\/index.php?rest_route=\/wp\/v2\/posts\/19270\/revisions\/19360"}],"wp:featuredmedia":[{"embeddable":true,"href":"https:\/\/www.handball-ulm.de\/index.php?rest_route=\/wp\/v2\/media\/19272"}],"wp:attachment":[{"href":"https:\/\/www.handball-ulm.de\/index.php?rest_route=%2Fwp%2Fv2%2Fmedia&parent=19270"}],"wp:term":[{"taxonomy":"category","embeddable":true,"href":"https:\/\/www.handball-ulm.de\/index.php?rest_route=%2Fwp%2Fv2%2Fcategories&post=19270"},{"taxonomy":"post_tag","embeddable":true,"href":"https:\/\/www.handball-ulm.de\/index.php?rest_route=%2Fwp%2Fv2%2Ftags&post=19270"}],"curies":[{"name":"wp","href":"https:\/\/api.w.org\/{rel}","templated":true}]}}