{"id":18769,"date":"2025-09-14T22:36:37","date_gmt":"2025-09-14T20:36:37","guid":{"rendered":"https:\/\/www.handball-ulm.de\/?p=18769"},"modified":"2025-09-14T22:36:40","modified_gmt":"2025-09-14T20:36:40","slug":"handballcamp-2025-ein-voller-erfolg","status":"publish","type":"post","link":"https:\/\/www.handball-ulm.de\/?p=18769","title":{"rendered":"Handballcamp 2025 &#8211; Ein voller Erfolg!"},"content":{"rendered":"\n<p>Das Handballcamp 2025 ging am vergangenen Freitag erfolgreich zu Ende. 60 Kinder\/Jugendliche von D- bis F-Jugend nahmen von Mo.-Fr. in der Ballspielhalle (Weststadt) am diesj\u00e4hrigen Handballcamp der SG Ulm &amp; Wiblingen teil. <\/p>\n\n\n\n<p>Neben nat\u00fcrlich vielen Trainingseinheiten stand auch der Spa\u00df und das Miteinander an erster Stelle. Das neu zusammengestellte Orga-Team des Handballcamps hatte alle H\u00e4nde voll zu tun. Denn allen voran der Hunger, war nach so viel Sport, vor allem beim gemeinsamen Mittagessen besonders gro\u00df. Zum Gl\u00fcck war immer f\u00fcr ausreichend Verpflegung gesorgt.<\/p>\n\n\n\n<p>Wir bedanken uns bei allen f\u00fcr ein tolles Handballcamp 2025 und hoffen, dass ihr auch im kommenden Jahr wieder mit dabei seid.<\/p>\n\n\n\n<p>Alle Bilder von f\u00fcnf Tagen Handballcamp findet ihr hier: <a href=\"https:\/\/www.handball-ulm.de\/index.php\/nggallery\/album\/handballcamp-2025?page_id=91\">https:\/\/www.handball-ulm.de\/index.php\/nggallery\/album\/handballcamp-2025?page_id=91<\/a><\/p>\n\n\n\n<p><\/p>\n","protected":false},"excerpt":{"rendered":"<p>Das Handballcamp 2025 ging am vergangenen Freitag erfolgreich zu Ende. 60 Kinder\/Jugendliche von D- bis F-Jugend nahmen von Mo.-Fr. in der Ballspielhalle (Weststadt) am diesj\u00e4hrigen Handballcamp der SG Ulm &amp; Wiblingen teil. Neben nat\u00fcrlich vielen Trainingseinheiten stand auch der Spa\u00df und das Miteinander an erster Stelle. Das neu zusammengestellte Orga-Team des Handballcamps hatte alle H\u00e4nde [&hellip;]<\/p>\n<br\/><br\/><a class=\"read-more\" href=\"https:\/\/www.handball-ulm.de\/?p=18769\"> Mehr lesen...<\/a>","protected":false},"author":1,"featured_media":18794,"comment_status":"closed","ping_status":"closed","sticky":false,"template":"","format":"standard","meta":{"ngg_post_thumbnail":0,"footnotes":""},"categories":[1,94,96,63],"tags":[],"_links":{"self":[{"href":"https:\/\/www.handball-ulm.de\/index.php?rest_route=\/wp\/v2\/posts\/18769"}],"collection":[{"href":"https:\/\/www.handball-ulm.de\/index.php?rest_route=\/wp\/v2\/posts"}],"about":[{"href":"https:\/\/www.handball-ulm.de\/index.php?rest_route=\/wp\/v2\/types\/post"}],"author":[{"embeddable":true,"href":"https:\/\/www.handball-ulm.de\/index.php?rest_route=\/wp\/v2\/users\/1"}],"replies":[{"embeddable":true,"href":"https:\/\/www.handball-ulm.de\/index.php?rest_route=%2Fwp%2Fv2%2Fcomments&post=18769"}],"version-history":[{"count":5,"href":"https:\/\/www.handball-ulm.de\/index.php?rest_route=\/wp\/v2\/posts\/18769\/revisions"}],"predecessor-version":[{"id":18825,"href":"https:\/\/www.handball-ulm.de\/index.php?rest_route=\/wp\/v2\/posts\/18769\/revisions\/18825"}],"wp:featuredmedia":[{"embeddable":true,"href":"https:\/\/www.handball-ulm.de\/index.php?rest_route=\/wp\/v2\/media\/18794"}],"wp:attachment":[{"href":"https:\/\/www.handball-ulm.de\/index.php?rest_route=%2Fwp%2Fv2%2Fmedia&parent=18769"}],"wp:term":[{"taxonomy":"category","embeddable":true,"href":"https:\/\/www.handball-ulm.de\/index.php?rest_route=%2Fwp%2Fv2%2Fcategories&post=18769"},{"taxonomy":"post_tag","embeddable":true,"href":"https:\/\/www.handball-ulm.de\/index.php?rest_route=%2Fwp%2Fv2%2Ftags&post=18769"}],"curies":[{"name":"wp","href":"https:\/\/api.w.org\/{rel}","templated":true}]}}