{"id":1868,"date":"2019-10-27T22:24:28","date_gmt":"2019-10-27T21:24:28","guid":{"rendered":"https:\/\/www.handball-ulm.de\/?p=1868"},"modified":"2020-05-02T21:44:28","modified_gmt":"2020-05-02T19:44:28","slug":"werbung-mobil","status":"publish","type":"post","link":"https:\/\/www.handball-ulm.de\/?p=1868","title":{"rendered":"Werbung mobil"},"content":{"rendered":"\n<figure class=\"wp-block-image\"><img loading=\"lazy\" decoding=\"async\" width=\"1024\" height=\"768\" src=\"https:\/\/www.handball-ulm.de\/wp-content\/uploads\/2019\/10\/Werbung-mobil-1024x768.jpeg\" alt=\"\" class=\"wp-image-1869\" srcset=\"https:\/\/www.handball-ulm.de\/wp-content\/uploads\/2019\/10\/Werbung-mobil-1024x768.jpeg 1024w, https:\/\/www.handball-ulm.de\/wp-content\/uploads\/2019\/10\/Werbung-mobil-300x225.jpeg 300w, https:\/\/www.handball-ulm.de\/wp-content\/uploads\/2019\/10\/Werbung-mobil-768x576.jpeg 768w, https:\/\/www.handball-ulm.de\/wp-content\/uploads\/2019\/10\/Werbung-mobil-1170x878.jpeg 1170w, https:\/\/www.handball-ulm.de\/wp-content\/uploads\/2019\/10\/Werbung-mobil.jpeg 1600w\" sizes=\"(max-width: 1024px) 100vw, 1024px\" \/><\/figure>\n\n\n\n<p>Mit unseren Spielern der SG Ulm Handball kurven wir vom Stuttgarter Raum zum Bodensee und sogar bis nach \u00d6sterreich.<\/p>\n\n\n\n<p>So ein eigenen Mannschaftsbus wie beim FC\nBayern M\u00fcnchen konnten wir leider noch nicht erwerben, auch die Hotel\n\u00dcbernachtungen zu Ausw\u00e4rtsspielen sind finanziell nicht drin. <\/p>\n\n\n\n<p>Daf\u00fcr haben wir nun SG Magneten f\u00fcr die\nAutos, die unsere Spieler zu ihren Derbys fahren. Wir wollen als Gemeinschaft\nauftreten und auffallen, aufmerksam machen auf unseren au\u00dfergew\u00f6hnlichen\nVerein! <\/p>\n\n\n\n<p>Danke f\u00fcr die tolle M\u00f6glichkeit! <\/p>\n\n\n\n<p>Wer ebenfalls f\u00fcr die SG Werbung fahren m\u00f6chte, kann diesen Automagneten k\u00e4uflich erwerben. Ein St\u00fcck kostet ab 25\u20ac.<\/p>\n\n\n\n<figure class=\"wp-block-image\"><img loading=\"lazy\" decoding=\"async\" width=\"1020\" height=\"975\" src=\"https:\/\/www.handball-ulm.de\/wp-content\/uploads\/2019\/10\/Werbung-mobil2.jpeg\" alt=\"\" class=\"wp-image-1870\" srcset=\"https:\/\/www.handball-ulm.de\/wp-content\/uploads\/2019\/10\/Werbung-mobil2.jpeg 1020w, https:\/\/www.handball-ulm.de\/wp-content\/uploads\/2019\/10\/Werbung-mobil2-300x287.jpeg 300w, https:\/\/www.handball-ulm.de\/wp-content\/uploads\/2019\/10\/Werbung-mobil2-768x734.jpeg 768w\" sizes=\"(max-width: 1020px) 100vw, 1020px\" \/><\/figure>\n","protected":false},"excerpt":{"rendered":"<p>Mit unseren Spielern der SG Ulm Handball kurven wir vom Stuttgarter Raum zum Bodensee und sogar bis nach \u00d6sterreich. So ein eigenen Mannschaftsbus wie beim FC Bayern M\u00fcnchen konnten wir leider noch nicht erwerben, auch die Hotel \u00dcbernachtungen zu Ausw\u00e4rtsspielen sind finanziell nicht drin. Daf\u00fcr haben wir nun SG Magneten f\u00fcr die Autos, die unsere [&hellip;]<\/p>\n<br\/><br\/><a class=\"read-more\" href=\"https:\/\/www.handball-ulm.de\/?p=1868\"> Mehr lesen...<\/a>","protected":false},"author":10,"featured_media":1873,"comment_status":"closed","ping_status":"closed","sticky":false,"template":"","format":"standard","meta":{"ngg_post_thumbnail":0,"footnotes":""},"categories":[66,8,63],"tags":[],"_links":{"self":[{"href":"https:\/\/www.handball-ulm.de\/index.php?rest_route=\/wp\/v2\/posts\/1868"}],"collection":[{"href":"https:\/\/www.handball-ulm.de\/index.php?rest_route=\/wp\/v2\/posts"}],"about":[{"href":"https:\/\/www.handball-ulm.de\/index.php?rest_route=\/wp\/v2\/types\/post"}],"author":[{"embeddable":true,"href":"https:\/\/www.handball-ulm.de\/index.php?rest_route=\/wp\/v2\/users\/10"}],"replies":[{"embeddable":true,"href":"https:\/\/www.handball-ulm.de\/index.php?rest_route=%2Fwp%2Fv2%2Fcomments&post=1868"}],"version-history":[{"count":1,"href":"https:\/\/www.handball-ulm.de\/index.php?rest_route=\/wp\/v2\/posts\/1868\/revisions"}],"predecessor-version":[{"id":1871,"href":"https:\/\/www.handball-ulm.de\/index.php?rest_route=\/wp\/v2\/posts\/1868\/revisions\/1871"}],"wp:featuredmedia":[{"embeddable":true,"href":"https:\/\/www.handball-ulm.de\/index.php?rest_route=\/wp\/v2\/media\/1873"}],"wp:attachment":[{"href":"https:\/\/www.handball-ulm.de\/index.php?rest_route=%2Fwp%2Fv2%2Fmedia&parent=1868"}],"wp:term":[{"taxonomy":"category","embeddable":true,"href":"https:\/\/www.handball-ulm.de\/index.php?rest_route=%2Fwp%2Fv2%2Fcategories&post=1868"},{"taxonomy":"post_tag","embeddable":true,"href":"https:\/\/www.handball-ulm.de\/index.php?rest_route=%2Fwp%2Fv2%2Ftags&post=1868"}],"curies":[{"name":"wp","href":"https:\/\/api.w.org\/{rel}","templated":true}]}}