{"id":18614,"date":"2025-06-22T17:18:24","date_gmt":"2025-06-22T15:18:24","guid":{"rendered":"https:\/\/www.handball-ulm.de\/?p=18614"},"modified":"2025-06-22T17:23:25","modified_gmt":"2025-06-22T15:23:25","slug":"sg-ulm-wiblingen-verpflichtet-philipp-gyaja-als-neuen-trainer-der-frauen-1","status":"publish","type":"post","link":"https:\/\/www.handball-ulm.de\/?p=18614","title":{"rendered":"Philipp Gyaja als neuen Trainer der Frauen 1 verpflichtet"},"content":{"rendered":"\n<p>Die SG Ulm &amp; Wiblingen freut sich, mit <strong>Philipp Gyaja<\/strong> einen erfahrenen und erfolgreichen Trainer f\u00fcr die erste Frauenmannschaft pr\u00e4sentieren zu k\u00f6nnen. Nach dem Wechsel von Dinah Reitz \u00fcbernimmt Gyaja zur neuen Saison das Traineramt bei den frisch gebackenen <strong>Bezirksliga-Meisterinnen<\/strong>, die k\u00fcnftig in der <strong>Bezirksoberliga des neuen Handballbezirks Oberschwaben-Ostalb<\/strong> auflaufen werden.<\/p>\n\n\n\n<p>Philipp Gyaja ist im Verein kein Unbekannter: Bereits in jungen Jahren hat er f\u00fcr die SG Ulm &amp; Wiblingen gespielt und in der Saison 2021\/2022 hat er f\u00fcr kurze Zeit die erste Frauenmannschaft betreut. In den letzten Jahren f\u00fchrte er die Frauenmannschaft der SG Herbrechtingen\/Bolheim in beeindruckender Weise <strong>von der Landesliga bis in die Oberliga<\/strong> und hat sich damit als ambitionierter und kompetenter Coach etabliert.<\/p>\n\n\n\n<p>Mit der Verpflichtung von Philipp Gyaja setzt die SG Ulm &amp; Wiblingen konsequent auf Kontinuit\u00e4t und Weiterentwicklung. \u201eWir freuen uns sehr, Philipp zur\u00fcck bei uns zu haben. Mit seiner Erfahrung und seinem sportlichen Anspruch ist er die ideale Besetzung, um den eingeschlagenen Weg unserer Frauenmannschaft erfolgreich weiterzuf\u00fchren\u201c, so kommissarische Leiter Erhard Sepp. Der Trainingsauftakt ist f\u00fcr 01.07.2025 geplant. Ziel ist es, die Mannschaft fr\u00fchzeitig auf die neue Spielklasse einzustimmen und die positive Entwicklung der letzten Jahre fortzusetzen.<\/p>\n\n\n\n<figure class=\"wp-block-image size-large\"><img loading=\"lazy\" decoding=\"async\" width=\"1024\" height=\"576\" src=\"https:\/\/www.handball-ulm.de\/wp-content\/uploads\/2025\/06\/Pressefoto_Philipp_Gyaja_Querformat-1024x576.jpg\" alt=\"\" class=\"wp-image-18615\" srcset=\"https:\/\/www.handball-ulm.de\/wp-content\/uploads\/2025\/06\/Pressefoto_Philipp_Gyaja_Querformat-1024x576.jpg 1024w, https:\/\/www.handball-ulm.de\/wp-content\/uploads\/2025\/06\/Pressefoto_Philipp_Gyaja_Querformat-300x169.jpg 300w, https:\/\/www.handball-ulm.de\/wp-content\/uploads\/2025\/06\/Pressefoto_Philipp_Gyaja_Querformat-768x432.jpg 768w, https:\/\/www.handball-ulm.de\/wp-content\/uploads\/2025\/06\/Pressefoto_Philipp_Gyaja_Querformat-1536x864.jpg 1536w, https:\/\/www.handball-ulm.de\/wp-content\/uploads\/2025\/06\/Pressefoto_Philipp_Gyaja_Querformat-2048x1151.jpg 2048w, https:\/\/www.handball-ulm.de\/wp-content\/uploads\/2025\/06\/Pressefoto_Philipp_Gyaja_Querformat-1170x658.jpg 1170w\" sizes=\"(max-width: 1024px) 100vw, 1024px\" \/><\/figure>\n","protected":false},"excerpt":{"rendered":"<p>Die SG Ulm &amp; Wiblingen freut sich, mit Philipp Gyaja einen erfahrenen und erfolgreichen Trainer f\u00fcr die erste Frauenmannschaft pr\u00e4sentieren zu k\u00f6nnen. Nach dem Wechsel von Dinah Reitz \u00fcbernimmt Gyaja zur neuen Saison das Traineramt bei den frisch gebackenen Bezirksliga-Meisterinnen, die k\u00fcnftig in der Bezirksoberliga des neuen Handballbezirks Oberschwaben-Ostalb auflaufen werden. Philipp Gyaja ist im [&hellip;]<\/p>\n<br\/><br\/><a class=\"read-more\" href=\"https:\/\/www.handball-ulm.de\/?p=18614\"> Mehr lesen...<\/a>","protected":false},"author":19,"featured_media":18615,"comment_status":"closed","ping_status":"closed","sticky":false,"template":"","format":"standard","meta":{"ngg_post_thumbnail":0,"footnotes":""},"categories":[1,94,13,63],"tags":[],"_links":{"self":[{"href":"https:\/\/www.handball-ulm.de\/index.php?rest_route=\/wp\/v2\/posts\/18614"}],"collection":[{"href":"https:\/\/www.handball-ulm.de\/index.php?rest_route=\/wp\/v2\/posts"}],"about":[{"href":"https:\/\/www.handball-ulm.de\/index.php?rest_route=\/wp\/v2\/types\/post"}],"author":[{"embeddable":true,"href":"https:\/\/www.handball-ulm.de\/index.php?rest_route=\/wp\/v2\/users\/19"}],"replies":[{"embeddable":true,"href":"https:\/\/www.handball-ulm.de\/index.php?rest_route=%2Fwp%2Fv2%2Fcomments&post=18614"}],"version-history":[{"count":3,"href":"https:\/\/www.handball-ulm.de\/index.php?rest_route=\/wp\/v2\/posts\/18614\/revisions"}],"predecessor-version":[{"id":18619,"href":"https:\/\/www.handball-ulm.de\/index.php?rest_route=\/wp\/v2\/posts\/18614\/revisions\/18619"}],"wp:featuredmedia":[{"embeddable":true,"href":"https:\/\/www.handball-ulm.de\/index.php?rest_route=\/wp\/v2\/media\/18615"}],"wp:attachment":[{"href":"https:\/\/www.handball-ulm.de\/index.php?rest_route=%2Fwp%2Fv2%2Fmedia&parent=18614"}],"wp:term":[{"taxonomy":"category","embeddable":true,"href":"https:\/\/www.handball-ulm.de\/index.php?rest_route=%2Fwp%2Fv2%2Fcategories&post=18614"},{"taxonomy":"post_tag","embeddable":true,"href":"https:\/\/www.handball-ulm.de\/index.php?rest_route=%2Fwp%2Fv2%2Ftags&post=18614"}],"curies":[{"name":"wp","href":"https:\/\/api.w.org\/{rel}","templated":true}]}}