{"id":18603,"date":"2025-06-11T22:38:45","date_gmt":"2025-06-11T20:38:45","guid":{"rendered":"https:\/\/www.handball-ulm.de\/?p=18603"},"modified":"2025-06-11T22:40:26","modified_gmt":"2025-06-11T20:40:26","slug":"handballcamp-2025-vielen-dank-fuer-die-zahlreichen-anmeldungen","status":"publish","type":"post","link":"https:\/\/www.handball-ulm.de\/?p=18603","title":{"rendered":"Handballcamp 2025 &#8211; Vielen Dank f\u00fcr die zahlreichen Anmeldungen!"},"content":{"rendered":"\n<p>F\u00fcr E\/F-Jugend ist bereits alles belegt. F\u00fcr die D-Jugend gibt aber noch ein paar freie Pl\u00e4tze. Also f\u00fcr Kurzentschlossene &#8230; jetzt anmelden!<\/p>\n\n\n\n<figure class=\"wp-block-image size-large is-resized\"><img loading=\"lazy\" decoding=\"async\" width=\"725\" height=\"1024\" src=\"https:\/\/www.handball-ulm.de\/wp-content\/uploads\/2025\/05\/2025_Flyer_Final-725x1024.jpeg\" alt=\"\" class=\"wp-image-18581\" style=\"width:840px;height:auto\" srcset=\"https:\/\/www.handball-ulm.de\/wp-content\/uploads\/2025\/05\/2025_Flyer_Final-725x1024.jpeg 725w, https:\/\/www.handball-ulm.de\/wp-content\/uploads\/2025\/05\/2025_Flyer_Final-212x300.jpeg 212w, https:\/\/www.handball-ulm.de\/wp-content\/uploads\/2025\/05\/2025_Flyer_Final-768x1085.jpeg 768w, https:\/\/www.handball-ulm.de\/wp-content\/uploads\/2025\/05\/2025_Flyer_Final-1087x1536.jpeg 1087w, https:\/\/www.handball-ulm.de\/wp-content\/uploads\/2025\/05\/2025_Flyer_Final-1170x1654.jpeg 1170w, https:\/\/www.handball-ulm.de\/wp-content\/uploads\/2025\/05\/2025_Flyer_Final.jpeg 1241w\" sizes=\"(max-width: 725px) 100vw, 725px\" \/><\/figure>\n","protected":false},"excerpt":{"rendered":"<p>F\u00fcr E\/F-Jugend ist bereits alles belegt. F\u00fcr die D-Jugend gibt aber noch ein paar freie Pl\u00e4tze. Also f\u00fcr Kurzentschlossene &#8230; jetzt anmelden!<\/p>\n<br\/><br\/><a class=\"read-more\" href=\"https:\/\/www.handball-ulm.de\/?p=18603\"> Mehr lesen...<\/a>","protected":false},"author":1,"featured_media":18587,"comment_status":"closed","ping_status":"closed","sticky":false,"template":"","format":"standard","meta":{"ngg_post_thumbnail":0,"footnotes":""},"categories":[96,63],"tags":[],"_links":{"self":[{"href":"https:\/\/www.handball-ulm.de\/index.php?rest_route=\/wp\/v2\/posts\/18603"}],"collection":[{"href":"https:\/\/www.handball-ulm.de\/index.php?rest_route=\/wp\/v2\/posts"}],"about":[{"href":"https:\/\/www.handball-ulm.de\/index.php?rest_route=\/wp\/v2\/types\/post"}],"author":[{"embeddable":true,"href":"https:\/\/www.handball-ulm.de\/index.php?rest_route=\/wp\/v2\/users\/1"}],"replies":[{"embeddable":true,"href":"https:\/\/www.handball-ulm.de\/index.php?rest_route=%2Fwp%2Fv2%2Fcomments&post=18603"}],"version-history":[{"count":2,"href":"https:\/\/www.handball-ulm.de\/index.php?rest_route=\/wp\/v2\/posts\/18603\/revisions"}],"predecessor-version":[{"id":18606,"href":"https:\/\/www.handball-ulm.de\/index.php?rest_route=\/wp\/v2\/posts\/18603\/revisions\/18606"}],"wp:featuredmedia":[{"embeddable":true,"href":"https:\/\/www.handball-ulm.de\/index.php?rest_route=\/wp\/v2\/media\/18587"}],"wp:attachment":[{"href":"https:\/\/www.handball-ulm.de\/index.php?rest_route=%2Fwp%2Fv2%2Fmedia&parent=18603"}],"wp:term":[{"taxonomy":"category","embeddable":true,"href":"https:\/\/www.handball-ulm.de\/index.php?rest_route=%2Fwp%2Fv2%2Fcategories&post=18603"},{"taxonomy":"post_tag","embeddable":true,"href":"https:\/\/www.handball-ulm.de\/index.php?rest_route=%2Fwp%2Fv2%2Ftags&post=18603"}],"curies":[{"name":"wp","href":"https:\/\/api.w.org\/{rel}","templated":true}]}}