{"id":18110,"date":"2025-02-18T12:30:08","date_gmt":"2025-02-18T11:30:08","guid":{"rendered":"https:\/\/www.handball-ulm.de\/?p=18110"},"modified":"2025-03-05T12:50:38","modified_gmt":"2025-03-05T11:50:38","slug":"unsere-dinah-verabschiedet-sich-ein-herzlicher-dank-fuer-ihren-engagierten-einsatz","status":"publish","type":"post","link":"https:\/\/www.handball-ulm.de\/?p=18110","title":{"rendered":"Unsere Dinah verabschiedet sich \u2013 Ein herzlicher Dank f\u00fcr ihren engagierten Einsatz"},"content":{"rendered":"\n<p>Unsere Dinah verabschiedet sich \u2013 Ein herzlicher Dank f\u00fcr ihren engagierten Einsatz<\/p>\n\n\n\n<p>Zum Ende dieser Saison verabschiedet sich Dinah Reitz als Trainerin der SG Ulm &amp; Wiblingen.<\/p>\n\n\n\n<figure class=\"wp-block-image size-large is-resized\"><img loading=\"lazy\" decoding=\"async\" width=\"822\" height=\"1024\" src=\"https:\/\/www.handball-ulm.de\/wp-content\/uploads\/2025\/02\/WhatsApp-Bild-2025-02-18-um-15.30.58_bedf102c-822x1024.jpg\" alt=\"\" class=\"wp-image-18120\" style=\"width:459px;height:auto\" srcset=\"https:\/\/www.handball-ulm.de\/wp-content\/uploads\/2025\/02\/WhatsApp-Bild-2025-02-18-um-15.30.58_bedf102c-822x1024.jpg 822w, https:\/\/www.handball-ulm.de\/wp-content\/uploads\/2025\/02\/WhatsApp-Bild-2025-02-18-um-15.30.58_bedf102c-241x300.jpg 241w, https:\/\/www.handball-ulm.de\/wp-content\/uploads\/2025\/02\/WhatsApp-Bild-2025-02-18-um-15.30.58_bedf102c-768x957.jpg 768w, https:\/\/www.handball-ulm.de\/wp-content\/uploads\/2025\/02\/WhatsApp-Bild-2025-02-18-um-15.30.58_bedf102c-1232x1536.jpg 1232w, https:\/\/www.handball-ulm.de\/wp-content\/uploads\/2025\/02\/WhatsApp-Bild-2025-02-18-um-15.30.58_bedf102c-1170x1458.jpg 1170w, https:\/\/www.handball-ulm.de\/wp-content\/uploads\/2025\/02\/WhatsApp-Bild-2025-02-18-um-15.30.58_bedf102c.jpg 1279w\" sizes=\"(max-width: 822px) 100vw, 822px\" \/><\/figure>\n\n\n\n<p>Bereits 2015 \u00fcbernahm sie \u2013 parallel zu ihrer aktiven Spielerkarriere \u2013 das Amt der Jugendleiterin und pr\u00e4gte die Nachwuchsarbeit des Vereins bis M\u00e4rz 2024 ma\u00dfgeblich. Unz\u00e4hlige Spielerinnen hat sie ausgebildet, begleitet und auf Verbandsebene zu Erfolgen gef\u00fchrt. Doch ihr Engagement ging weit dar\u00fcber hinaus: Sie initiierte das bekannte Handball-Camp der SG Ulm &amp; Wiblingen \u2013 eine einw\u00f6chige Kinder-Handballfreizeit mit zahlreichen tollen Aktivit\u00e4ten auch abseits des Spielfelds. Ihr war es immer wichtig, Gemeinschaft und Zusammenhalt zu f\u00f6rdern. Dank ihr gibt es heute sogar Mini-Mini-Mannschaften, so dass schon die Kleinsten die Freude am Handball entdecken k\u00f6nnen.<\/p>\n\n\n\n<p>Neben ihrer Arbeit mit dem Nachwuchs hat Dinah zahlreiche Trainerfortbildungen besucht. Sie besitzt die B-Lizenz Leistungssport und war zudem als Schiedsrichterin f\u00fcr den Verein im Einsatz.<\/p>\n\n\n\n<p>2022 \u00fcbernahm sie schlie\u00dflich die Leitung der 1. Damenmannschaft und f\u00fcllte diese Rolle mit au\u00dfergew\u00f6hnlichem Engagement und Herzblut aus. Sie ist nicht nur eine leidenschaftliche Trainerin, sondern auch ein echtes Vorbild f\u00fcr ihre Spielerinnen \u2013 stets positiv, motivierend und mit einem offenen Ohr f\u00fcr jede Einzelne.<\/p>\n\n\n\n<p>Liebe Dinah,<br>wir danken dir von Herzen f\u00fcr deinen unerm\u00fcdlichen Einsatz, dein Fachwissen, deine positive Art und die gute Laune, die du immer ins Team bringst. Es ist eine Freude, mit dir zu arbeiten \u2013 du wirst uns sehr fehlen! F\u00fcr deinen weiteren Weg w\u00fcnschen wir dir nur das Beste und viel Erfolg bei allem, was du anpackst.<\/p>\n\n\n\n<p>Jetzt erst recht: Lasst uns gemeinsam die Meisterschaft&nbsp;holen!<\/p>\n\n\n\n<figure class=\"wp-block-image size-large is-resized\"><img loading=\"lazy\" decoding=\"async\" width=\"1024\" height=\"819\" src=\"https:\/\/www.handball-ulm.de\/wp-content\/uploads\/2025\/02\/IMG-20241013-WA0000-1024x819.jpg\" alt=\"\" class=\"wp-image-18108\" style=\"width:471px;height:auto\" srcset=\"https:\/\/www.handball-ulm.de\/wp-content\/uploads\/2025\/02\/IMG-20241013-WA0000-1024x819.jpg 1024w, https:\/\/www.handball-ulm.de\/wp-content\/uploads\/2025\/02\/IMG-20241013-WA0000-300x240.jpg 300w, https:\/\/www.handball-ulm.de\/wp-content\/uploads\/2025\/02\/IMG-20241013-WA0000-768x614.jpg 768w, https:\/\/www.handball-ulm.de\/wp-content\/uploads\/2025\/02\/IMG-20241013-WA0000-1536x1228.jpg 1536w, https:\/\/www.handball-ulm.de\/wp-content\/uploads\/2025\/02\/IMG-20241013-WA0000-1170x935.jpg 1170w, https:\/\/www.handball-ulm.de\/wp-content\/uploads\/2025\/02\/IMG-20241013-WA0000.jpg 1600w\" sizes=\"(max-width: 1024px) 100vw, 1024px\" \/><\/figure>\n","protected":false},"excerpt":{"rendered":"<p>Dinah Reitz verabschiedet sich zum Ende der Saison<\/p>\n<br\/><br\/><a class=\"read-more\" href=\"https:\/\/www.handball-ulm.de\/?p=18110\"> Mehr lesen...<\/a>","protected":false},"author":16,"featured_media":18092,"comment_status":"closed","ping_status":"closed","sticky":false,"template":"","format":"standard","meta":{"ngg_post_thumbnail":0,"footnotes":""},"categories":[93,13,63],"tags":[],"_links":{"self":[{"href":"https:\/\/www.handball-ulm.de\/index.php?rest_route=\/wp\/v2\/posts\/18110"}],"collection":[{"href":"https:\/\/www.handball-ulm.de\/index.php?rest_route=\/wp\/v2\/posts"}],"about":[{"href":"https:\/\/www.handball-ulm.de\/index.php?rest_route=\/wp\/v2\/types\/post"}],"author":[{"embeddable":true,"href":"https:\/\/www.handball-ulm.de\/index.php?rest_route=\/wp\/v2\/users\/16"}],"replies":[{"embeddable":true,"href":"https:\/\/www.handball-ulm.de\/index.php?rest_route=%2Fwp%2Fv2%2Fcomments&post=18110"}],"version-history":[{"count":8,"href":"https:\/\/www.handball-ulm.de\/index.php?rest_route=\/wp\/v2\/posts\/18110\/revisions"}],"predecessor-version":[{"id":18124,"href":"https:\/\/www.handball-ulm.de\/index.php?rest_route=\/wp\/v2\/posts\/18110\/revisions\/18124"}],"wp:featuredmedia":[{"embeddable":true,"href":"https:\/\/www.handball-ulm.de\/index.php?rest_route=\/wp\/v2\/media\/18092"}],"wp:attachment":[{"href":"https:\/\/www.handball-ulm.de\/index.php?rest_route=%2Fwp%2Fv2%2Fmedia&parent=18110"}],"wp:term":[{"taxonomy":"category","embeddable":true,"href":"https:\/\/www.handball-ulm.de\/index.php?rest_route=%2Fwp%2Fv2%2Fcategories&post=18110"},{"taxonomy":"post_tag","embeddable":true,"href":"https:\/\/www.handball-ulm.de\/index.php?rest_route=%2Fwp%2Fv2%2Ftags&post=18110"}],"curies":[{"name":"wp","href":"https:\/\/api.w.org\/{rel}","templated":true}]}}