{"id":1798,"date":"2019-10-13T23:56:47","date_gmt":"2019-10-13T21:56:47","guid":{"rendered":"https:\/\/www.handball-ulm.de\/?p=1798"},"modified":"2020-05-02T21:44:30","modified_gmt":"2020-05-02T19:44:30","slug":"trainerfortbildung-der-sg","status":"publish","type":"post","link":"https:\/\/www.handball-ulm.de\/?p=1798","title":{"rendered":"Trainerfortbildung der SG"},"content":{"rendered":"\n<figure class=\"wp-block-image\"><img loading=\"lazy\" decoding=\"async\" width=\"1024\" height=\"678\" src=\"https:\/\/www.handball-ulm.de\/wp-content\/uploads\/2019\/10\/20191012_095734-1024x678.jpg\" alt=\"\" class=\"wp-image-1799\" srcset=\"https:\/\/www.handball-ulm.de\/wp-content\/uploads\/2019\/10\/20191012_095734-1024x678.jpg 1024w, https:\/\/www.handball-ulm.de\/wp-content\/uploads\/2019\/10\/20191012_095734-300x199.jpg 300w, https:\/\/www.handball-ulm.de\/wp-content\/uploads\/2019\/10\/20191012_095734-768x509.jpg 768w, https:\/\/www.handball-ulm.de\/wp-content\/uploads\/2019\/10\/20191012_095734-1170x775.jpg 1170w\" sizes=\"(max-width: 1024px) 100vw, 1024px\" \/><\/figure>\n\n\n\n<p>Viel zu fr\u00fch um 9 Uhr am Samstag, 12.10.2019 trafen sich die Trainer der SG Ulm zum obligatorischen Fr\u00fchst\u00fcck vor der Trainerfortbildung zum regen Austausch in der Tanneplatzhalle.<\/p>\n\n\n\n<p>Dann ging es an die Wissensvermittlung. Anni erkl\u00e4rte uns das fasziale Dehnen. Das war insgesamt sehr interessant. Leider machte sie mit uns auch diverse \u00dcbungen, bei denen sie kommentierte: &#8222;Phillip, das ist nicht Dein Ernst, weiter runter kommst Du nicht?! Flo, Du bist Torwart. Ja, Mama, Du machst mit.&#8220; Wir kamen nicht gut dabei weg. W\u00e4hrend Anni alle \u00dcbungen mit Bravour vormachte, st\u00f6hnten und schnauften fast alle anderen. Wir lernten den Flamingo und den Golfschwung kennen.<\/p>\n\n\n\n<figure class=\"wp-block-image\"><img loading=\"lazy\" decoding=\"async\" width=\"994\" height=\"603\" src=\"https:\/\/www.handball-ulm.de\/wp-content\/uploads\/2019\/10\/20191012_101106.jpg\" alt=\"\" class=\"wp-image-1801\" srcset=\"https:\/\/www.handball-ulm.de\/wp-content\/uploads\/2019\/10\/20191012_101106.jpg 994w, https:\/\/www.handball-ulm.de\/wp-content\/uploads\/2019\/10\/20191012_101106-300x182.jpg 300w, https:\/\/www.handball-ulm.de\/wp-content\/uploads\/2019\/10\/20191012_101106-768x466.jpg 768w\" sizes=\"(max-width: 994px) 100vw, 994px\" \/><\/figure>\n\n\n\n<figure class=\"wp-block-image\"><img loading=\"lazy\" decoding=\"async\" width=\"1024\" height=\"782\" src=\"https:\/\/www.handball-ulm.de\/wp-content\/uploads\/2019\/10\/20191012_101719-1024x782.jpg\" alt=\"\" class=\"wp-image-1802\" srcset=\"https:\/\/www.handball-ulm.de\/wp-content\/uploads\/2019\/10\/20191012_101719-1024x782.jpg 1024w, https:\/\/www.handball-ulm.de\/wp-content\/uploads\/2019\/10\/20191012_101719-300x229.jpg 300w, https:\/\/www.handball-ulm.de\/wp-content\/uploads\/2019\/10\/20191012_101719-768x586.jpg 768w, https:\/\/www.handball-ulm.de\/wp-content\/uploads\/2019\/10\/20191012_101719-1170x893.jpg 1170w, https:\/\/www.handball-ulm.de\/wp-content\/uploads\/2019\/10\/20191012_101719.jpg 1407w\" sizes=\"(max-width: 1024px) 100vw, 1024px\" \/><\/figure>\n\n\n\n<p>Als n\u00e4chstes versuchte Pauli wiederzugeben, was Christina Bergmann, die Verantwortliche f\u00fcr Mitgliederschutz und Pr\u00e4vention beim SSV Ulm der SG Leitung vermittelt hat. <\/p>\n\n\n\n<p>Bodsch, der kurzfristig f\u00fcr den erkrankten Ralf einsprang, sprach nun \u00fcber das Thema Spielf\u00e4higkeit. Nach kurzer Theorie und beispielhaften Videos ging es in die Praxis. Diverse Hinweise und Tipps bekamen unsere Trainer, die sie mal in ihrer Funktion als auch f\u00fcr sich als Spieler gut anwenden k\u00f6nnen.<\/p>\n\n\n\n<figure class=\"wp-block-image\"><img loading=\"lazy\" decoding=\"async\" width=\"1024\" height=\"768\" src=\"https:\/\/www.handball-ulm.de\/wp-content\/uploads\/2019\/10\/20191012_110845-1024x768.jpg\" alt=\"\" class=\"wp-image-1804\" srcset=\"https:\/\/www.handball-ulm.de\/wp-content\/uploads\/2019\/10\/20191012_110845-1024x768.jpg 1024w, https:\/\/www.handball-ulm.de\/wp-content\/uploads\/2019\/10\/20191012_110845-300x225.jpg 300w, https:\/\/www.handball-ulm.de\/wp-content\/uploads\/2019\/10\/20191012_110845-768x576.jpg 768w, https:\/\/www.handball-ulm.de\/wp-content\/uploads\/2019\/10\/20191012_110845-1170x878.jpg 1170w, https:\/\/www.handball-ulm.de\/wp-content\/uploads\/2019\/10\/20191012_110845.jpg 2016w\" sizes=\"(max-width: 1024px) 100vw, 1024px\" \/><\/figure>\n\n\n\n<figure class=\"wp-block-image\"><img loading=\"lazy\" decoding=\"async\" width=\"1024\" height=\"430\" src=\"https:\/\/www.handball-ulm.de\/wp-content\/uploads\/2019\/10\/20191012_114616-1024x430.jpg\" alt=\"\" class=\"wp-image-1805\" srcset=\"https:\/\/www.handball-ulm.de\/wp-content\/uploads\/2019\/10\/20191012_114616-1024x430.jpg 1024w, https:\/\/www.handball-ulm.de\/wp-content\/uploads\/2019\/10\/20191012_114616-300x126.jpg 300w, https:\/\/www.handball-ulm.de\/wp-content\/uploads\/2019\/10\/20191012_114616-768x323.jpg 768w, https:\/\/www.handball-ulm.de\/wp-content\/uploads\/2019\/10\/20191012_114616-1170x492.jpg 1170w, https:\/\/www.handball-ulm.de\/wp-content\/uploads\/2019\/10\/20191012_114616.jpg 1809w\" sizes=\"(max-width: 1024px) 100vw, 1024px\" \/><\/figure>\n\n\n\n<figure class=\"wp-block-image\"><img loading=\"lazy\" decoding=\"async\" width=\"1024\" height=\"372\" src=\"https:\/\/www.handball-ulm.de\/wp-content\/uploads\/2019\/10\/20191012_115349-1024x372.jpg\" alt=\"\" class=\"wp-image-1806\" srcset=\"https:\/\/www.handball-ulm.de\/wp-content\/uploads\/2019\/10\/20191012_115349-1024x372.jpg 1024w, https:\/\/www.handball-ulm.de\/wp-content\/uploads\/2019\/10\/20191012_115349-300x109.jpg 300w, https:\/\/www.handball-ulm.de\/wp-content\/uploads\/2019\/10\/20191012_115349-768x279.jpg 768w, https:\/\/www.handball-ulm.de\/wp-content\/uploads\/2019\/10\/20191012_115349-1170x425.jpg 1170w, https:\/\/www.handball-ulm.de\/wp-content\/uploads\/2019\/10\/20191012_115349.jpg 1601w\" sizes=\"(max-width: 1024px) 100vw, 1024px\" \/><\/figure>\n","protected":false},"excerpt":{"rendered":"<p>Viel zu fr\u00fch um 9 Uhr am Samstag, 12.10.2019 trafen sich die Trainer der SG Ulm zum obligatorischen Fr\u00fchst\u00fcck vor der Trainerfortbildung zum regen Austausch in der Tanneplatzhalle. Dann ging es an die Wissensvermittlung. Anni erkl\u00e4rte uns das fasziale Dehnen. Das war insgesamt sehr interessant. Leider machte sie mit uns auch diverse \u00dcbungen, bei denen [&hellip;]<\/p>\n<br\/><br\/><a class=\"read-more\" href=\"https:\/\/www.handball-ulm.de\/?p=1798\"> Mehr lesen...<\/a>","protected":false},"author":10,"featured_media":1799,"comment_status":"closed","ping_status":"closed","sticky":false,"template":"","format":"standard","meta":{"ngg_post_thumbnail":0,"footnotes":""},"categories":[1,66,8,63],"tags":[],"_links":{"self":[{"href":"https:\/\/www.handball-ulm.de\/index.php?rest_route=\/wp\/v2\/posts\/1798"}],"collection":[{"href":"https:\/\/www.handball-ulm.de\/index.php?rest_route=\/wp\/v2\/posts"}],"about":[{"href":"https:\/\/www.handball-ulm.de\/index.php?rest_route=\/wp\/v2\/types\/post"}],"author":[{"embeddable":true,"href":"https:\/\/www.handball-ulm.de\/index.php?rest_route=\/wp\/v2\/users\/10"}],"replies":[{"embeddable":true,"href":"https:\/\/www.handball-ulm.de\/index.php?rest_route=%2Fwp%2Fv2%2Fcomments&post=1798"}],"version-history":[{"count":3,"href":"https:\/\/www.handball-ulm.de\/index.php?rest_route=\/wp\/v2\/posts\/1798\/revisions"}],"predecessor-version":[{"id":1807,"href":"https:\/\/www.handball-ulm.de\/index.php?rest_route=\/wp\/v2\/posts\/1798\/revisions\/1807"}],"wp:featuredmedia":[{"embeddable":true,"href":"https:\/\/www.handball-ulm.de\/index.php?rest_route=\/wp\/v2\/media\/1799"}],"wp:attachment":[{"href":"https:\/\/www.handball-ulm.de\/index.php?rest_route=%2Fwp%2Fv2%2Fmedia&parent=1798"}],"wp:term":[{"taxonomy":"category","embeddable":true,"href":"https:\/\/www.handball-ulm.de\/index.php?rest_route=%2Fwp%2Fv2%2Fcategories&post=1798"},{"taxonomy":"post_tag","embeddable":true,"href":"https:\/\/www.handball-ulm.de\/index.php?rest_route=%2Fwp%2Fv2%2Ftags&post=1798"}],"curies":[{"name":"wp","href":"https:\/\/api.w.org\/{rel}","templated":true}]}}