{"id":1795,"date":"2019-10-13T23:29:56","date_gmt":"2019-10-13T21:29:56","guid":{"rendered":"https:\/\/www.handball-ulm.de\/?p=1795"},"modified":"2020-05-02T21:44:30","modified_gmt":"2020-05-02T19:44:30","slug":"ein-ereignisreiches-wochenende","status":"publish","type":"post","link":"https:\/\/www.handball-ulm.de\/?p=1795","title":{"rendered":"Ein ereignisreiches Wochenende"},"content":{"rendered":"\n<p>Noch am Samstagabend h\u00e4tte ich gesagt:<\/p>\n\n\n\n<p>Das Wochenende lief ziemlich rund f\u00fcr die Ulmer Handballjugend.\n<\/p>\n\n\n\n<p>W\u00e4hrend die M\u00e4nner sehr heftig Feder lassen mussten in den heimischen Gefilden der Tannenplatzhalle und die Punkte nach Ravensburg und V\u00f6hringen wanderten (wobei meine Bewunderung an die beeindruckende Wurfqualit\u00e4t der Nummer 8 von Ravensburg geht), schlugen sich alle Jugenden richtig gut. Mit bis zu 19 Toren Vorsprung gewannen alle D-Jugenden. Die m\u00e4nnliche C-Jugend hielt den Abstand mit 7 Toren Vorsprung am geringsten. <\/p>\n\n\n\n<figure class=\"wp-block-image\"><img loading=\"lazy\" decoding=\"async\" width=\"955\" height=\"924\" src=\"https:\/\/www.handball-ulm.de\/wp-content\/uploads\/2019\/10\/20191012_142520.jpg\" alt=\"\" class=\"wp-image-1796\" srcset=\"https:\/\/www.handball-ulm.de\/wp-content\/uploads\/2019\/10\/20191012_142520.jpg 955w, https:\/\/www.handball-ulm.de\/wp-content\/uploads\/2019\/10\/20191012_142520-300x290.jpg 300w, https:\/\/www.handball-ulm.de\/wp-content\/uploads\/2019\/10\/20191012_142520-768x743.jpg 768w\" sizes=\"(max-width: 955px) 100vw, 955px\" \/><\/figure>\n\n\n\n<p>Der Sonntag begann in der Tannenplatzhalle mit einem\ngro\u00dfen Minifest. Alle Kinder gewannen eine Medaille.<\/p>\n\n\n\n<p>Die gemischte E1 schlug sich in Laichingen und gewann\nalles, was zu holen war gegen Blaustein und Gerhausen. Die F-Jugend lie\u00df es\nkrachen in Schemmerhofen. Der Spieltag der E2 hatte fiel leider aus, da\nBlaustein die Mannschaft zur\u00fcckgezogen hat.<\/p>\n\n\n\n<p>Die m\u00e4nnlichen A und B Jugenden hatten die weitesten Wege\nan diesem Wochenende. <\/p>\n\n\n\n<p>Die A spielte in Friedrichshafen, lag anfangs mit 6 Toren\nhinten, holte zur Halbzeit den Gleichstand und lie\u00df diesen dann wieder liegen\nzu einem Ergebnis mit 38:43! Liegt das an Friedrichshafen oder warum ist die\nToranzahl dort immer so gro\u00df?<\/p>\n\n\n\n<p>Die B-Jugend fuhr ohne regul\u00e4ren Trainer mit nur einem\nAuswechsler und ohne TW, daf\u00fcr mit zwei Helfern aus der C-Jugend nach Weingarten\nzum Tabellenf\u00fchrer. Es wurde eine heftige Klatsche erwartet. Aber der Kampf der\nJungs war gro\u00df und die Weing\u00e4rtler nicht wirklich gut. Felix, der Mutige im Tor\nschlug sich wacker. Am Ende war die Niederlage nur 6 Tore tief, wobei der Abstand\nlange nur bei 2 und 3 Toren lag, aber irgendwann l\u00e4sst die Kraft nach.<\/p>\n\n\n\n<p>Die bitterste Niederlage der Jugend gab es bei der\nweiblichen C in der Landesliga. Die M\u00e4dchen f\u00fchrten immer wieder, es blieb\njedoch ein Kopf an Kopf Rennen. Am Ende versagten die Nerven und unsere\nMannschaft verlor mit einem Tor.<\/p>\n","protected":false},"excerpt":{"rendered":"<p>Noch am Samstagabend h\u00e4tte ich gesagt: Das Wochenende lief ziemlich rund f\u00fcr die Ulmer Handballjugend. W\u00e4hrend die M\u00e4nner sehr heftig Feder lassen mussten in den heimischen Gefilden der Tannenplatzhalle und die Punkte nach Ravensburg und V\u00f6hringen wanderten (wobei meine Bewunderung an die beeindruckende Wurfqualit\u00e4t der Nummer 8 von Ravensburg geht), schlugen sich alle Jugenden richtig [&hellip;]<\/p>\n<br\/><br\/><a class=\"read-more\" href=\"https:\/\/www.handball-ulm.de\/?p=1795\"> Mehr lesen...<\/a>","protected":false},"author":10,"featured_media":1854,"comment_status":"closed","ping_status":"closed","sticky":false,"template":"","format":"standard","meta":{"ngg_post_thumbnail":0,"footnotes":""},"categories":[66,8,63],"tags":[],"_links":{"self":[{"href":"https:\/\/www.handball-ulm.de\/index.php?rest_route=\/wp\/v2\/posts\/1795"}],"collection":[{"href":"https:\/\/www.handball-ulm.de\/index.php?rest_route=\/wp\/v2\/posts"}],"about":[{"href":"https:\/\/www.handball-ulm.de\/index.php?rest_route=\/wp\/v2\/types\/post"}],"author":[{"embeddable":true,"href":"https:\/\/www.handball-ulm.de\/index.php?rest_route=\/wp\/v2\/users\/10"}],"replies":[{"embeddable":true,"href":"https:\/\/www.handball-ulm.de\/index.php?rest_route=%2Fwp%2Fv2%2Fcomments&post=1795"}],"version-history":[{"count":2,"href":"https:\/\/www.handball-ulm.de\/index.php?rest_route=\/wp\/v2\/posts\/1795\/revisions"}],"predecessor-version":[{"id":1817,"href":"https:\/\/www.handball-ulm.de\/index.php?rest_route=\/wp\/v2\/posts\/1795\/revisions\/1817"}],"wp:featuredmedia":[{"embeddable":true,"href":"https:\/\/www.handball-ulm.de\/index.php?rest_route=\/wp\/v2\/media\/1854"}],"wp:attachment":[{"href":"https:\/\/www.handball-ulm.de\/index.php?rest_route=%2Fwp%2Fv2%2Fmedia&parent=1795"}],"wp:term":[{"taxonomy":"category","embeddable":true,"href":"https:\/\/www.handball-ulm.de\/index.php?rest_route=%2Fwp%2Fv2%2Fcategories&post=1795"},{"taxonomy":"post_tag","embeddable":true,"href":"https:\/\/www.handball-ulm.de\/index.php?rest_route=%2Fwp%2Fv2%2Ftags&post=1795"}],"curies":[{"name":"wp","href":"https:\/\/api.w.org\/{rel}","templated":true}]}}