{"id":17906,"date":"2024-12-15T15:40:00","date_gmt":"2024-12-15T14:40:00","guid":{"rendered":"https:\/\/www.handball-ulm.de\/?p=17906"},"modified":"2024-12-29T09:29:51","modified_gmt":"2024-12-29T08:29:51","slug":"maennliche-c-jugend-doppelwochenende","status":"publish","type":"post","link":"https:\/\/www.handball-ulm.de\/?p=17906","title":{"rendered":"M\u00e4nnliche C-Jugend  &#8211; Doppelwochenende"},"content":{"rendered":"\n<p><strong>Samstag, 14.12.2024<\/strong><br>Im Duell zwischen der m\u00e4nnlichen C-Jugend der SG Ulm und dem TSV 1848 Bad Saulgau gab es einen holprigen, aber am Ende doch klaren Sieg f\u00fcr die Ulmer mit 36:26. Die erste Halbzeit war so ausgeglichen, dass man fast dachte, die beiden Teams wollten sich auf ein Unentschieden einigen \u2013 14:14! Ein fragw\u00fcrdiger Siebenmeter sorgte f\u00fcr einige Diskussionen, und die Spieler schienen mehr mit dem Ball zu k\u00e4mpfen als mit den Gegnern. Fehlp\u00e4sse waren an der Tagesordnung.<\/p>\n\n\n\n<p>In der zweiten Halbzeit legte die Mannschaft aus Ulm dann einen Lauf von 7 Toren hin \u2013 und das nicht, weil sie pl\u00f6tzlich doch Handball spielen konnten, sondern weil sie einfach beschlossen, dass es Zeit f\u00fcr einen Gang h\u00f6her war! Relativ zufrieden fuhr man wieder an die Donau.<\/p>\n\n\n\n<figure class=\"wp-block-image size-large\"><img loading=\"lazy\" decoding=\"async\" width=\"1024\" height=\"926\" src=\"https:\/\/www.handball-ulm.de\/wp-content\/uploads\/2024\/12\/20241214_170843-1024x926.jpg\" alt=\"\" class=\"wp-image-17907\" srcset=\"https:\/\/www.handball-ulm.de\/wp-content\/uploads\/2024\/12\/20241214_170843-1024x926.jpg 1024w, https:\/\/www.handball-ulm.de\/wp-content\/uploads\/2024\/12\/20241214_170843-300x271.jpg 300w, https:\/\/www.handball-ulm.de\/wp-content\/uploads\/2024\/12\/20241214_170843-768x694.jpg 768w, https:\/\/www.handball-ulm.de\/wp-content\/uploads\/2024\/12\/20241214_170843-1536x1389.jpg 1536w, https:\/\/www.handball-ulm.de\/wp-content\/uploads\/2024\/12\/20241214_170843-2048x1852.jpg 2048w, https:\/\/www.handball-ulm.de\/wp-content\/uploads\/2024\/12\/20241214_170843-1170x1058.jpg 1170w\" sizes=\"(max-width: 1024px) 100vw, 1024px\" \/><\/figure>\n\n\n\n<p><strong>Sonntag, 15.12.2024<\/strong><br>Im zweiten Spiel des Wochenendes ging es nach Wangen, wo die Jungs mit 21:39 unterlagen. Die k\u00f6rperliche \u00dcberlegenheit der Wangener Jungs war deutlich sp\u00fcrbar \u2013 es sah aus, als spielte man gegen eine \u00e4ltere Jugend. Doch unsere Spieler wurden von den Zuschauern f\u00fcr ihren unerm\u00fcdlichen Kampfgeist gefeiert. Das Publikum war begeistert und schien mehr Spa\u00df zu haben als die Spieler selbst! <br>Beide Torh\u00fcter lieferten ein \u00fcberragendes Spiel. <\/p>\n\n\n\n<p>Trotz mindestens 20 Fehlw\u00fcrfen und Pfostentreffern, die mehr wie ein \u201eKunstwerk\u201c als ein Handballspiel aussahen, gaben die Jungs alles. Dieses Harz am Ball macht uns Ulmern leider keinen richtigen Spa\u00df. Am Ende war bei den Spielern einfach die Kraft weg und die Verletzungen h\u00e4uften sich \u2013 vielleicht hatten sie sich beim \u201eBall-auf-den-Pfosten-Werfen\u201c etwas \u00fcbernommen! Oder das gestrige Spiel und die immer w\u00e4hrenden Erk\u00e4ltungen sorgten f\u00fcr den Kraftverlust.<\/p>\n\n\n\n<p>Insgesamt war es ein Wochenende voller H\u00f6hen und Tiefen, aber wir sind stolz auf den Kampfgeist unserer Jungs. Sie haben zwar nicht immer gewonnen, aber sie sind definitiv die \u201eSieger der Herzen\u201c \u2013 und das z\u00e4hlt schlie\u00dflich auch! Auf zur n\u00e4chsten Herausforderung! \ud83c\udf89\ud83c\udfd0<\/p>\n\n\n\n<figure class=\"wp-block-image size-large\"><img loading=\"lazy\" decoding=\"async\" width=\"1024\" height=\"788\" src=\"https:\/\/www.handball-ulm.de\/wp-content\/uploads\/2024\/12\/20241215_131258-1024x788.jpg\" alt=\"\" class=\"wp-image-17908\" srcset=\"https:\/\/www.handball-ulm.de\/wp-content\/uploads\/2024\/12\/20241215_131258-1024x788.jpg 1024w, https:\/\/www.handball-ulm.de\/wp-content\/uploads\/2024\/12\/20241215_131258-300x231.jpg 300w, https:\/\/www.handball-ulm.de\/wp-content\/uploads\/2024\/12\/20241215_131258-768x591.jpg 768w, https:\/\/www.handball-ulm.de\/wp-content\/uploads\/2024\/12\/20241215_131258-1536x1182.jpg 1536w, https:\/\/www.handball-ulm.de\/wp-content\/uploads\/2024\/12\/20241215_131258-2048x1577.jpg 2048w, https:\/\/www.handball-ulm.de\/wp-content\/uploads\/2024\/12\/20241215_131258-1170x901.jpg 1170w\" sizes=\"(max-width: 1024px) 100vw, 1024px\" \/><\/figure>\n","protected":false},"excerpt":{"rendered":"<p>H\u00f6hen und Tiefen<\/p>\n<br\/><br\/><a class=\"read-more\" href=\"https:\/\/www.handball-ulm.de\/?p=17906\"> Mehr lesen...<\/a>","protected":false},"author":10,"featured_media":17907,"comment_status":"closed","ping_status":"closed","sticky":false,"template":"","format":"standard","meta":{"ngg_post_thumbnail":0,"footnotes":""},"categories":[93,19,63],"tags":[],"_links":{"self":[{"href":"https:\/\/www.handball-ulm.de\/index.php?rest_route=\/wp\/v2\/posts\/17906"}],"collection":[{"href":"https:\/\/www.handball-ulm.de\/index.php?rest_route=\/wp\/v2\/posts"}],"about":[{"href":"https:\/\/www.handball-ulm.de\/index.php?rest_route=\/wp\/v2\/types\/post"}],"author":[{"embeddable":true,"href":"https:\/\/www.handball-ulm.de\/index.php?rest_route=\/wp\/v2\/users\/10"}],"replies":[{"embeddable":true,"href":"https:\/\/www.handball-ulm.de\/index.php?rest_route=%2Fwp%2Fv2%2Fcomments&post=17906"}],"version-history":[{"count":2,"href":"https:\/\/www.handball-ulm.de\/index.php?rest_route=\/wp\/v2\/posts\/17906\/revisions"}],"predecessor-version":[{"id":17911,"href":"https:\/\/www.handball-ulm.de\/index.php?rest_route=\/wp\/v2\/posts\/17906\/revisions\/17911"}],"wp:featuredmedia":[{"embeddable":true,"href":"https:\/\/www.handball-ulm.de\/index.php?rest_route=\/wp\/v2\/media\/17907"}],"wp:attachment":[{"href":"https:\/\/www.handball-ulm.de\/index.php?rest_route=%2Fwp%2Fv2%2Fmedia&parent=17906"}],"wp:term":[{"taxonomy":"category","embeddable":true,"href":"https:\/\/www.handball-ulm.de\/index.php?rest_route=%2Fwp%2Fv2%2Fcategories&post=17906"},{"taxonomy":"post_tag","embeddable":true,"href":"https:\/\/www.handball-ulm.de\/index.php?rest_route=%2Fwp%2Fv2%2Ftags&post=17906"}],"curies":[{"name":"wp","href":"https:\/\/api.w.org\/{rel}","templated":true}]}}