{"id":17667,"date":"2024-11-09T15:34:00","date_gmt":"2024-11-09T14:34:00","guid":{"rendered":"https:\/\/www.handball-ulm.de\/?p=17667"},"modified":"2024-11-15T14:32:03","modified_gmt":"2024-11-15T13:32:03","slug":"maennliche-c-jugend-alpla-hc-hard","status":"publish","type":"post","link":"https:\/\/www.handball-ulm.de\/?p=17667","title":{"rendered":"M\u00e4nnliche C-Jugend &#8211; Alpla HC Hard"},"content":{"rendered":"\n<figure class=\"wp-block-image size-large\"><img loading=\"lazy\" decoding=\"async\" width=\"1017\" height=\"1024\" src=\"https:\/\/www.handball-ulm.de\/wp-content\/uploads\/2024\/11\/20241109_1404031-1017x1024.jpg\" alt=\"\" class=\"wp-image-17668\" srcset=\"https:\/\/www.handball-ulm.de\/wp-content\/uploads\/2024\/11\/20241109_1404031-1017x1024.jpg 1017w, https:\/\/www.handball-ulm.de\/wp-content\/uploads\/2024\/11\/20241109_1404031-298x300.jpg 298w, https:\/\/www.handball-ulm.de\/wp-content\/uploads\/2024\/11\/20241109_1404031-150x150.jpg 150w, https:\/\/www.handball-ulm.de\/wp-content\/uploads\/2024\/11\/20241109_1404031-768x774.jpg 768w, https:\/\/www.handball-ulm.de\/wp-content\/uploads\/2024\/11\/20241109_1404031-1170x1178.jpg 1170w, https:\/\/www.handball-ulm.de\/wp-content\/uploads\/2024\/11\/20241109_1404031.jpg 1393w\" sizes=\"(max-width: 1017px) 100vw, 1017px\" \/><\/figure>\n\n\n\n<p>Das Handballspiel der m\u00e4nnlichen C-Jugend endete leider mit einer Niederlage von 43:24 gegen k\u00f6rperlich starke Gegner, die ab der 14. Minute \u00fcber weite Strecken des Spiels in Manndeckung spielten. Trotz des gro\u00dfen R\u00fcckstands gaben unsere Jungs nie auf und k\u00e4mpften bis zur letzten Minute mit vollem Einsatz.<br><br>Besonders bemerkenswert war der Teamgeist, den die Spieler zeigten. Auch wenn unser Torwart Julius fehlte, lie\u00dfen sich die Jungs nicht entmutigen und gaben alles, um das Beste aus der Situation zu machen.<br><br>Es war eine lehrreiche Erfahrung, die uns zeigt, dass wir auch gegen starke Gegner zusammenhalten und unser Bestes geben k\u00f6nnen. Wir sind stolz auf die Leistung und den Kampfgeist unserer Mannschaft! Auf die n\u00e4chste Herausforderung \u2013 wir kommen st\u00e4rker zur\u00fcck!<\/p>\n\n\n\n<figure class=\"wp-block-image size-large\"><img loading=\"lazy\" decoding=\"async\" width=\"1024\" height=\"576\" src=\"https:\/\/www.handball-ulm.de\/wp-content\/uploads\/2024\/11\/IMG-20241110-WA0013-1024x576.jpg\" alt=\"\" class=\"wp-image-17676\" srcset=\"https:\/\/www.handball-ulm.de\/wp-content\/uploads\/2024\/11\/IMG-20241110-WA0013-1024x576.jpg 1024w, https:\/\/www.handball-ulm.de\/wp-content\/uploads\/2024\/11\/IMG-20241110-WA0013-300x169.jpg 300w, https:\/\/www.handball-ulm.de\/wp-content\/uploads\/2024\/11\/IMG-20241110-WA0013-768x432.jpg 768w, https:\/\/www.handball-ulm.de\/wp-content\/uploads\/2024\/11\/IMG-20241110-WA0013-1536x864.jpg 1536w, https:\/\/www.handball-ulm.de\/wp-content\/uploads\/2024\/11\/IMG-20241110-WA0013-1170x658.jpg 1170w, https:\/\/www.handball-ulm.de\/wp-content\/uploads\/2024\/11\/IMG-20241110-WA0013.jpg 1600w\" sizes=\"(max-width: 1024px) 100vw, 1024px\" \/><\/figure>\n","protected":false},"excerpt":{"rendered":"<p>Herbe Klatsche<\/p>\n<br\/><br\/><a class=\"read-more\" href=\"https:\/\/www.handball-ulm.de\/?p=17667\"> Mehr lesen...<\/a>","protected":false},"author":10,"featured_media":17675,"comment_status":"closed","ping_status":"closed","sticky":false,"template":"","format":"standard","meta":{"ngg_post_thumbnail":0,"footnotes":""},"categories":[93,19,63],"tags":[],"_links":{"self":[{"href":"https:\/\/www.handball-ulm.de\/index.php?rest_route=\/wp\/v2\/posts\/17667"}],"collection":[{"href":"https:\/\/www.handball-ulm.de\/index.php?rest_route=\/wp\/v2\/posts"}],"about":[{"href":"https:\/\/www.handball-ulm.de\/index.php?rest_route=\/wp\/v2\/types\/post"}],"author":[{"embeddable":true,"href":"https:\/\/www.handball-ulm.de\/index.php?rest_route=\/wp\/v2\/users\/10"}],"replies":[{"embeddable":true,"href":"https:\/\/www.handball-ulm.de\/index.php?rest_route=%2Fwp%2Fv2%2Fcomments&post=17667"}],"version-history":[{"count":3,"href":"https:\/\/www.handball-ulm.de\/index.php?rest_route=\/wp\/v2\/posts\/17667\/revisions"}],"predecessor-version":[{"id":17677,"href":"https:\/\/www.handball-ulm.de\/index.php?rest_route=\/wp\/v2\/posts\/17667\/revisions\/17677"}],"wp:featuredmedia":[{"embeddable":true,"href":"https:\/\/www.handball-ulm.de\/index.php?rest_route=\/wp\/v2\/media\/17675"}],"wp:attachment":[{"href":"https:\/\/www.handball-ulm.de\/index.php?rest_route=%2Fwp%2Fv2%2Fmedia&parent=17667"}],"wp:term":[{"taxonomy":"category","embeddable":true,"href":"https:\/\/www.handball-ulm.de\/index.php?rest_route=%2Fwp%2Fv2%2Fcategories&post=17667"},{"taxonomy":"post_tag","embeddable":true,"href":"https:\/\/www.handball-ulm.de\/index.php?rest_route=%2Fwp%2Fv2%2Ftags&post=17667"}],"curies":[{"name":"wp","href":"https:\/\/api.w.org\/{rel}","templated":true}]}}