{"id":1752,"date":"2019-09-29T23:47:59","date_gmt":"2019-09-29T21:47:59","guid":{"rendered":"https:\/\/www.handball-ulm.de\/?p=1752"},"modified":"2019-09-29T23:48:01","modified_gmt":"2019-09-29T21:48:01","slug":"weiblich-e-saison-bericht-2019-20","status":"publish","type":"post","link":"https:\/\/www.handball-ulm.de\/?p=1752","title":{"rendered":"Weiblich E: Saison Bericht 2019\/20"},"content":{"rendered":"<p>In der abgelaufenen Saison konnten wir erstmals in der Klasse 6+1 antreten. Im Training hatten wir Spa\u00df und konnten in den zwei Trainingseinheiten die wichtigsten Grundlagen f\u00fcr das Handballspiel erlernen.<\/p>\n<p>Das zeigte sich auch w\u00e4hrend der Saison. Das Abschneiden bei den Koordinations\u00fcbungen wurde immer besser. Trotz anf\u00e4nglicher Probleme an den Spieltagen, konnte man eine deutliche Steigerung im Spiel erkennen.<\/p>\n<p>Es ist beeindruckend wie schnell sich die Spielerinnen w\u00e4hrend der Saison weiterentwickelt haben.<\/p>\n<p>Der letzte Spieltag in Gerhausen war zugleich die Talentiade, bei der f\u00fcr den Bezirksentscheid gesichtet wurde. Es wurde eine Spielerin vom Sichter ausgew\u00e4hlt.<\/p>\n<p>Vielen Dank auch an die Eltern f\u00fcr die super Unterst\u00fctzung.<\/p>\n","protected":false},"excerpt":{"rendered":"<p>In der abgelaufenen Saison konnten wir erstmals in der Klasse 6+1 antreten. Im Training hatten wir Spa\u00df und konnten in den zwei Trainingseinheiten die wichtigsten Grundlagen f\u00fcr das Handballspiel erlernen. Das zeigte sich auch w\u00e4hrend der Saison. Das Abschneiden bei den Koordinations\u00fcbungen wurde immer besser. Trotz anf\u00e4nglicher Probleme an den Spieltagen, konnte man eine deutliche [&hellip;]<\/p>\n<br\/><br\/><a class=\"read-more\" href=\"https:\/\/www.handball-ulm.de\/?p=1752\"> Mehr lesen...<\/a>","protected":false},"author":1,"featured_media":0,"comment_status":"closed","ping_status":"closed","sticky":false,"template":"","format":"standard","meta":{"ngg_post_thumbnail":0,"footnotes":""},"categories":[24],"tags":[],"_links":{"self":[{"href":"https:\/\/www.handball-ulm.de\/index.php?rest_route=\/wp\/v2\/posts\/1752"}],"collection":[{"href":"https:\/\/www.handball-ulm.de\/index.php?rest_route=\/wp\/v2\/posts"}],"about":[{"href":"https:\/\/www.handball-ulm.de\/index.php?rest_route=\/wp\/v2\/types\/post"}],"author":[{"embeddable":true,"href":"https:\/\/www.handball-ulm.de\/index.php?rest_route=\/wp\/v2\/users\/1"}],"replies":[{"embeddable":true,"href":"https:\/\/www.handball-ulm.de\/index.php?rest_route=%2Fwp%2Fv2%2Fcomments&post=1752"}],"version-history":[{"count":1,"href":"https:\/\/www.handball-ulm.de\/index.php?rest_route=\/wp\/v2\/posts\/1752\/revisions"}],"predecessor-version":[{"id":1753,"href":"https:\/\/www.handball-ulm.de\/index.php?rest_route=\/wp\/v2\/posts\/1752\/revisions\/1753"}],"wp:attachment":[{"href":"https:\/\/www.handball-ulm.de\/index.php?rest_route=%2Fwp%2Fv2%2Fmedia&parent=1752"}],"wp:term":[{"taxonomy":"category","embeddable":true,"href":"https:\/\/www.handball-ulm.de\/index.php?rest_route=%2Fwp%2Fv2%2Fcategories&post=1752"},{"taxonomy":"post_tag","embeddable":true,"href":"https:\/\/www.handball-ulm.de\/index.php?rest_route=%2Fwp%2Fv2%2Ftags&post=1752"}],"curies":[{"name":"wp","href":"https:\/\/api.w.org\/{rel}","templated":true}]}}