{"id":1747,"date":"2019-09-29T23:38:46","date_gmt":"2019-09-29T21:38:46","guid":{"rendered":"https:\/\/www.handball-ulm.de\/?p=1747"},"modified":"2019-09-29T23:38:48","modified_gmt":"2019-09-29T21:38:48","slug":"gemischt-d-saison-bericht-2019-20","status":"publish","type":"post","link":"https:\/\/www.handball-ulm.de\/?p=1747","title":{"rendered":"Gemischt D: Saison Bericht 2019\/20"},"content":{"rendered":"<p>An einem Samstag im M\u00e4rz starteten wir die neue Saison mit unseren drei Trainern Noah Cremer, Florian D\u00f6rfler und Ralf Eisinger.<\/p>\n<p>Wir, das sind aktuell 21 Jungs: einige von uns haben bereits ein Jahr D-Jugend hinter sich. Einige kamen aus der E-Jugend. Und es kamen auch noch ein paar Neuzug\u00e4nge dazu, die vorher noch kein Handball gespielt hatten. Von daher sind wir eine bunt gemischte Truppe, da bei uns auch noch die D-Jugend-M\u00e4dchen aushelfen d\u00fcrfen und einige von ihnen regelm\u00e4\u00dfig bei uns mit trainieren.<\/p>\n<p>Wir haben immer zwei Mal in der Woche Training. Zus\u00e4tzlich kamen auch immer wieder einzelne Trainingseinheiten am Wochenende dazu.<\/p>\n<p>&nbsp;<\/p>\n<p>In der kommenden Wintersaison sind wir mit zwei Mannschaften gemeldet. Daher hat eine Mannschaft jetzt eine Qualifikation gespielt (unsere Trainer wollten unbedingt die Bezirksliga erreichen). Leider waren an dem Qualifikationsturnier einige von unseren besten Spielern nicht verf\u00fcgbar, so dass wir das Ziel \u201eBezirksliga\u201c leider verpasst haben.<\/p>\n<p>&nbsp;<\/p>\n<p>Auf dem Turnier in Brenz konnten wir zeigen, dass wir seit M\u00e4rz einiges gelernt haben. Mit dem ersten Spiel waren unsere Trainer zwar gar nicht einverstanden (dies lag eventuell auch an der etwas geringen Schlafzeit J ); danach aber steigerten wir uns und gewannen die n\u00e4chsten vier Spiele in Folge alle sehr deutlich. Nur im Endspiel verloren wir knapp mit einem Tor Unterschied. Mit etwas mehr Gl\u00fcck h\u00e4tte auch der Turniersieg drin sein k\u00f6nnen.<\/p>\n<p>&nbsp;<\/p>\n<p>F\u00fcr die Winterrunde haben wir uns viel vorgenommen: viel und flei\u00dfig trainieren soll sich dann auch bei den Spielen auszahlen.<\/p>\n","protected":false},"excerpt":{"rendered":"<p>An einem Samstag im M\u00e4rz starteten wir die neue Saison mit unseren drei Trainern Noah Cremer, Florian D\u00f6rfler und Ralf Eisinger. Wir, das sind aktuell 21 Jungs: einige von uns haben bereits ein Jahr D-Jugend hinter sich. Einige kamen aus der E-Jugend. Und es kamen auch noch ein paar Neuzug\u00e4nge dazu, die vorher noch kein [&hellip;]<\/p>\n<br\/><br\/><a class=\"read-more\" href=\"https:\/\/www.handball-ulm.de\/?p=1747\"> Mehr lesen...<\/a>","protected":false},"author":1,"featured_media":0,"comment_status":"closed","ping_status":"closed","sticky":false,"template":"","format":"standard","meta":{"ngg_post_thumbnail":0,"footnotes":""},"categories":[22],"tags":[],"_links":{"self":[{"href":"https:\/\/www.handball-ulm.de\/index.php?rest_route=\/wp\/v2\/posts\/1747"}],"collection":[{"href":"https:\/\/www.handball-ulm.de\/index.php?rest_route=\/wp\/v2\/posts"}],"about":[{"href":"https:\/\/www.handball-ulm.de\/index.php?rest_route=\/wp\/v2\/types\/post"}],"author":[{"embeddable":true,"href":"https:\/\/www.handball-ulm.de\/index.php?rest_route=\/wp\/v2\/users\/1"}],"replies":[{"embeddable":true,"href":"https:\/\/www.handball-ulm.de\/index.php?rest_route=%2Fwp%2Fv2%2Fcomments&post=1747"}],"version-history":[{"count":1,"href":"https:\/\/www.handball-ulm.de\/index.php?rest_route=\/wp\/v2\/posts\/1747\/revisions"}],"predecessor-version":[{"id":1748,"href":"https:\/\/www.handball-ulm.de\/index.php?rest_route=\/wp\/v2\/posts\/1747\/revisions\/1748"}],"wp:attachment":[{"href":"https:\/\/www.handball-ulm.de\/index.php?rest_route=%2Fwp%2Fv2%2Fmedia&parent=1747"}],"wp:term":[{"taxonomy":"category","embeddable":true,"href":"https:\/\/www.handball-ulm.de\/index.php?rest_route=%2Fwp%2Fv2%2Fcategories&post=1747"},{"taxonomy":"post_tag","embeddable":true,"href":"https:\/\/www.handball-ulm.de\/index.php?rest_route=%2Fwp%2Fv2%2Ftags&post=1747"}],"curies":[{"name":"wp","href":"https:\/\/api.w.org\/{rel}","templated":true}]}}