{"id":17404,"date":"2024-11-02T16:49:00","date_gmt":"2024-11-02T15:49:00","guid":{"rendered":"https:\/\/www.handball-ulm.de\/?p=17404"},"modified":"2024-11-02T17:38:47","modified_gmt":"2024-11-02T16:38:47","slug":"einladung-zur-jahreshauptversammlung-2024","status":"publish","type":"post","link":"https:\/\/www.handball-ulm.de\/?p=17404","title":{"rendered":"Einladung zur Jahreshauptversammlung 2024"},"content":{"rendered":"\n<figure class=\"wp-block-image size-full\"><img loading=\"lazy\" decoding=\"async\" width=\"950\" height=\"484\" src=\"https:\/\/www.handball-ulm.de\/wp-content\/uploads\/2024\/11\/Screenshot-542.png\" alt=\"\" class=\"wp-image-17630\" srcset=\"https:\/\/www.handball-ulm.de\/wp-content\/uploads\/2024\/11\/Screenshot-542.png 950w, https:\/\/www.handball-ulm.de\/wp-content\/uploads\/2024\/11\/Screenshot-542-300x153.png 300w, https:\/\/www.handball-ulm.de\/wp-content\/uploads\/2024\/11\/Screenshot-542-768x391.png 768w\" sizes=\"(max-width: 950px) 100vw, 950px\" \/><\/figure>\n\n\n\n<p class=\"has-large-font-size\"><strong>Einladung zur Jahreshauptversammlung 2024<\/strong><\/p>\n\n\n\n<p class=\"has-medium-font-size\">Liebe Mitglieder der SG Ulm &amp; Wiblingen,<br>liebe Eltern,<br>wir, der Vorstand der SG Ulm &amp; Wiblingen, m\u00f6chten Euch zur Jahreshauptversammlung einladen:<br><strong>Freitag, 08.11.2024 um 19.30 Uhr in der Friedrichshafener Halle in Wiblingen<\/strong><br>Folgende Tagesordnungspunkte sind vorgesehen:<br>1. Berichte und Aussprache zu den Berichten<br>2. Kassenpr\u00fcfung<br>3. Bericht des F\u00f6rdervereins<br>4. Entlastungen<br>5. Wahlen<br>6. Schriftliche Antr\u00e4ge<br>7. Verschiedenes<\/p>\n\n\n\n<p class=\"has-medium-font-size\"><br>Zum Punkt 5.: Wahlen k\u00f6nnen und werden nur dann stattfinden, wenn sich bis sp\u00e4testens zum<br>8.11.2024 im Rahmen der Jahreshauptversammlung bis zum Tagesordnungspunkt 5 jemand f\u00fcr<br>die \u00dcbernahme des Amts des Vorstands, des Finanzreferents und der Jugendleitung bereit<br>erkl\u00e4rt. Sollte dies nicht der Fall sein, wird die weitere Zukunft der SG von den Hauptvereinen<br>abh\u00e4ngen. Eine Konsequenz daraus k\u00f6nnte sein, dass die SG zum Ende der Spielsaison<br>2024\/2025 aufgel\u00f6st wird.<br>Wir bitten nochmals darum, dass ihr euch Gedanken macht und euch bei Interesse bei uns meldet.<br>Bitte richtet schriftliche Antr\u00e4ge bis zum 25.10.2024 an vorstand@sgulm.de.<br>Aufgrund der prek\u00e4ren Situation bitten wir um zahlreiche Teilnahme.<br>Viele Gr\u00fc\u00dfe<br>Sonja Kaifel und Claudia Kicherer<br><\/p>\n","protected":false},"excerpt":{"rendered":"<p>Die f\u00fcr den 8.11.2024 geplante Jahreshauptversammlung der SG Ulm &#038; Wiblingen<br \/>\nmuss aus formalen Gr\u00fcnden leider verschoben werden!<\/p>\n<br\/><br\/><a class=\"read-more\" href=\"https:\/\/www.handball-ulm.de\/?p=17404\"> Mehr lesen...<\/a>","protected":false},"author":10,"featured_media":0,"comment_status":"closed","ping_status":"closed","sticky":false,"template":"","format":"standard","meta":{"ngg_post_thumbnail":0,"footnotes":""},"categories":[1,93,63],"tags":[],"_links":{"self":[{"href":"https:\/\/www.handball-ulm.de\/index.php?rest_route=\/wp\/v2\/posts\/17404"}],"collection":[{"href":"https:\/\/www.handball-ulm.de\/index.php?rest_route=\/wp\/v2\/posts"}],"about":[{"href":"https:\/\/www.handball-ulm.de\/index.php?rest_route=\/wp\/v2\/types\/post"}],"author":[{"embeddable":true,"href":"https:\/\/www.handball-ulm.de\/index.php?rest_route=\/wp\/v2\/users\/10"}],"replies":[{"embeddable":true,"href":"https:\/\/www.handball-ulm.de\/index.php?rest_route=%2Fwp%2Fv2%2Fcomments&post=17404"}],"version-history":[{"count":4,"href":"https:\/\/www.handball-ulm.de\/index.php?rest_route=\/wp\/v2\/posts\/17404\/revisions"}],"predecessor-version":[{"id":17633,"href":"https:\/\/www.handball-ulm.de\/index.php?rest_route=\/wp\/v2\/posts\/17404\/revisions\/17633"}],"wp:attachment":[{"href":"https:\/\/www.handball-ulm.de\/index.php?rest_route=%2Fwp%2Fv2%2Fmedia&parent=17404"}],"wp:term":[{"taxonomy":"category","embeddable":true,"href":"https:\/\/www.handball-ulm.de\/index.php?rest_route=%2Fwp%2Fv2%2Fcategories&post=17404"},{"taxonomy":"post_tag","embeddable":true,"href":"https:\/\/www.handball-ulm.de\/index.php?rest_route=%2Fwp%2Fv2%2Ftags&post=17404"}],"curies":[{"name":"wp","href":"https:\/\/api.w.org\/{rel}","templated":true}]}}