{"id":17392,"date":"2024-10-20T13:00:00","date_gmt":"2024-10-20T11:00:00","guid":{"rendered":"https:\/\/www.handball-ulm.de\/?p=17392"},"modified":"2024-10-25T09:43:20","modified_gmt":"2024-10-25T07:43:20","slug":"weibliche-d-jugend-rams","status":"publish","type":"post","link":"https:\/\/www.handball-ulm.de\/?p=17392","title":{"rendered":"Weibliche D-Jugend &#8211; Rams"},"content":{"rendered":"\n<figure class=\"wp-block-image size-large\"><img loading=\"lazy\" decoding=\"async\" width=\"1024\" height=\"768\" src=\"https:\/\/www.handball-ulm.de\/wp-content\/uploads\/2024\/10\/P6230346-1024x768.jpg\" alt=\"\" class=\"wp-image-17395\" srcset=\"https:\/\/www.handball-ulm.de\/wp-content\/uploads\/2024\/10\/P6230346-1024x768.jpg 1024w, https:\/\/www.handball-ulm.de\/wp-content\/uploads\/2024\/10\/P6230346-300x225.jpg 300w, https:\/\/www.handball-ulm.de\/wp-content\/uploads\/2024\/10\/P6230346-768x576.jpg 768w, https:\/\/www.handball-ulm.de\/wp-content\/uploads\/2024\/10\/P6230346-1536x1153.jpg 1536w, https:\/\/www.handball-ulm.de\/wp-content\/uploads\/2024\/10\/P6230346-1170x878.jpg 1170w, https:\/\/www.handball-ulm.de\/wp-content\/uploads\/2024\/10\/P6230346.jpg 1587w\" sizes=\"(max-width: 1024px) 100vw, 1024px\" \/><\/figure>\n\n\n\n<p>Am Sonntag, dem 20.10.2024, ging es f\u00fcr die Handballspielerinnen der weiblichen D-Jugend nach Ravensburg. Schon nach kurzer Zeit zeigte sich, dass Sara das Spiel \u00fcber die Au\u00dfenposition anf\u00fchrte und sie sich ihre L\u00fccken in der gegnerischen Abwehr suchte. Diese fand sie souver\u00e4n immer wieder und holte somit ein Tor nach dem anderen f\u00fcr die SG Ulm &amp; Wiblingen. Im weiteren Verlauf des Spiels kam Ana immer mehr zu ihren Chancen, die sie erfolgreich verwandelte.<\/p>\n\n\n\n<p>Das geforderte offensive Spiel wurde von allen Spielerinnen mit einer guten Spielerzuordnung gestaltet. Dies f\u00fchrte bei Ravensburg h\u00e4ufig zu fehlenden Anspielpunkten, sodass es f\u00fcr die Ulmer zu einem Freiwurf und infolgedessen bei dem daraus hervorgerufen Gegenangriff zu einem Tor kam. Insgesamt konnte die gesamte Mannschaft der SG Ulm &amp; Wiblingen durch viel Engagement das Spiel gestalten und sicher f\u00fchren. Hierbei zeigten Elisabeth und Augustine eine bemerkenswerte Abwehrarbeit, die gelegentlich zu erfolgreichen Gegenangriffen f\u00fchrte. Dennoch war die TSB 1847 Ravensburg bei jedem Zuordnungsfehler und jedem Aufmerksamkeitsfehler zur Stelle und holten auch sich ihre Tore auf der Anzeige. Dem setze sich Eve im Tor mutig entgegen und machte es den Gastgeben h\u00e4ufig schwer. In der zweiten Halbzeit zeigt auch Anda ihr K\u00f6nnen und den Blick f\u00fcr das Spielgeschehen. Der Endstand liegt bei 21:45 mit einem verdienten Sieg f\u00fcr Ulm.<\/p>\n\n\n\n<p>Die Motivation und das Potenzial der Spielerinnen der SG Ulm &amp; Wiblingen waren sichtbar. Dies bietet die Grundlage f\u00fcr einen weiteren Ausbau der Fertigkeiten durch viel Einsatz im Training.<\/p>\n\n\n\n<p>Spielerinnen: Anda (4), Hannah, Eve, Elisabeth (7), Xenia, Sara (16), Augustine (7), Ana (10), Charlotte (1), Judith, Maram<\/p>\n\n\n\n<figure class=\"wp-block-gallery has-nested-images columns-default is-cropped wp-block-gallery-1 is-layout-flex wp-block-gallery-is-layout-flex\">\n<figure class=\"wp-block-image size-full\"><img loading=\"lazy\" decoding=\"async\" width=\"470\" height=\"501\" data-id=\"17397\" src=\"https:\/\/www.handball-ulm.de\/wp-content\/uploads\/2024\/10\/P6230257-1.jpg\" alt=\"\" class=\"wp-image-17397\" srcset=\"https:\/\/www.handball-ulm.de\/wp-content\/uploads\/2024\/10\/P6230257-1.jpg 470w, https:\/\/www.handball-ulm.de\/wp-content\/uploads\/2024\/10\/P6230257-1-281x300.jpg 281w\" sizes=\"(max-width: 470px) 100vw, 470px\" \/><\/figure>\n\n\n\n<figure class=\"wp-block-image size-full\"><img loading=\"lazy\" decoding=\"async\" width=\"1816\" height=\"1362\" data-id=\"17398\" src=\"https:\/\/www.handball-ulm.de\/wp-content\/uploads\/2024\/10\/P6230312.jpg\" alt=\"\" class=\"wp-image-17398\" srcset=\"https:\/\/www.handball-ulm.de\/wp-content\/uploads\/2024\/10\/P6230312.jpg 1816w, https:\/\/www.handball-ulm.de\/wp-content\/uploads\/2024\/10\/P6230312-300x225.jpg 300w, https:\/\/www.handball-ulm.de\/wp-content\/uploads\/2024\/10\/P6230312-1024x768.jpg 1024w, https:\/\/www.handball-ulm.de\/wp-content\/uploads\/2024\/10\/P6230312-768x576.jpg 768w, https:\/\/www.handball-ulm.de\/wp-content\/uploads\/2024\/10\/P6230312-1536x1152.jpg 1536w, https:\/\/www.handball-ulm.de\/wp-content\/uploads\/2024\/10\/P6230312-1170x878.jpg 1170w\" sizes=\"(max-width: 1816px) 100vw, 1816px\" \/><\/figure>\n<\/figure>\n","protected":false},"excerpt":{"rendered":"<p>Tor um Tor<\/p>\n<br\/><br\/><a class=\"read-more\" href=\"https:\/\/www.handball-ulm.de\/?p=17392\"> Mehr lesen...<\/a>","protected":false},"author":10,"featured_media":17395,"comment_status":"closed","ping_status":"closed","sticky":false,"template":"","format":"standard","meta":{"ngg_post_thumbnail":0,"footnotes":""},"categories":[93,63,21],"tags":[],"_links":{"self":[{"href":"https:\/\/www.handball-ulm.de\/index.php?rest_route=\/wp\/v2\/posts\/17392"}],"collection":[{"href":"https:\/\/www.handball-ulm.de\/index.php?rest_route=\/wp\/v2\/posts"}],"about":[{"href":"https:\/\/www.handball-ulm.de\/index.php?rest_route=\/wp\/v2\/types\/post"}],"author":[{"embeddable":true,"href":"https:\/\/www.handball-ulm.de\/index.php?rest_route=\/wp\/v2\/users\/10"}],"replies":[{"embeddable":true,"href":"https:\/\/www.handball-ulm.de\/index.php?rest_route=%2Fwp%2Fv2%2Fcomments&post=17392"}],"version-history":[{"count":4,"href":"https:\/\/www.handball-ulm.de\/index.php?rest_route=\/wp\/v2\/posts\/17392\/revisions"}],"predecessor-version":[{"id":17402,"href":"https:\/\/www.handball-ulm.de\/index.php?rest_route=\/wp\/v2\/posts\/17392\/revisions\/17402"}],"wp:featuredmedia":[{"embeddable":true,"href":"https:\/\/www.handball-ulm.de\/index.php?rest_route=\/wp\/v2\/media\/17395"}],"wp:attachment":[{"href":"https:\/\/www.handball-ulm.de\/index.php?rest_route=%2Fwp%2Fv2%2Fmedia&parent=17392"}],"wp:term":[{"taxonomy":"category","embeddable":true,"href":"https:\/\/www.handball-ulm.de\/index.php?rest_route=%2Fwp%2Fv2%2Fcategories&post=17392"},{"taxonomy":"post_tag","embeddable":true,"href":"https:\/\/www.handball-ulm.de\/index.php?rest_route=%2Fwp%2Fv2%2Ftags&post=17392"}],"curies":[{"name":"wp","href":"https:\/\/api.w.org\/{rel}","templated":true}]}}