{"id":17372,"date":"2024-10-14T17:26:53","date_gmt":"2024-10-14T15:26:53","guid":{"rendered":"https:\/\/www.handball-ulm.de\/?p=17372"},"modified":"2024-11-19T13:42:53","modified_gmt":"2024-11-19T12:42:53","slug":"vorstellung-damen-1-der-saison-2024-2025","status":"publish","type":"post","link":"https:\/\/www.handball-ulm.de\/?p=17372","title":{"rendered":"Vorstellung Damen 1 der Saison 2024\/2025"},"content":{"rendered":"\n<p><strong>Wie lief die Vorsaison?<\/strong><br>(AM) Das letzte Jahr startete etwas holprig. Viele neue Spielerinnen mussten sich erst in das Mannschaftsgef\u00fcge einfinden, sodass auf dem Spielfeld noch nicht die Eingespieltheit herrschte, die f\u00fcr ein fl\u00fcssiges Handballspiel erforderlich ist. Mit der Zeit fanden wir jedoch unseren Rhythmus und sicherten uns wichtige Punkte. Letztendlich konnten wir die Saison auf einem soliden f\u00fcnften Platz von zehn abschlie\u00dfen.<\/p>\n\n\n\n<p><strong>Was sind unsere Ziele f\u00fcr die Saison 24\/25?<\/strong><br>Wir m\u00f6chten vor allem weiter als Mannschaft zusammenwachsen \u2013 sowohl auf als auch au\u00dferhalb des Spielfelds. Im Teamsport kann man viel \u00fcber Emotionen und gemeinsame Motivation erreichen. Aus den vergangenen Spielen haben wir gelernt, dass einzelne Schw\u00e4chephasen innerhalb der Partie schneller \u00fcberbr\u00fcckt werden k\u00f6nnen, wenn die Einstellung und das Miteinander des Teams stimmen.<br>Neben dem menschlichen Aspekt sind wir im Juni in unsere handballerische Vorbereitung gestartet, damit wir unsere Leistung bestenfalls auch ohne Einbr\u00fcche \u00fcber 60 Minuten hinweg zeigen k\u00f6nnen. Die Grundlage hierf\u00fcr bildeten neben den \u00fcblichen Handball\u00fcbungen zahlreiche Lauf- und Krafteinheiten, ein Trainingslager, Testspiele und unser selbst ausgerichtetes Turnier \u2013 der 1. Ulmer Spatzen-Cup.<br><br>Der Kopf hinter der Vorbereitung und dem Spielgeschehen ist weiterhin unsere Trainerin Dinah Reitz, zusammen mit den Co-Trainern Franziska Mader und Florian D\u00f6rfler \u2013 an dieser Stelle schon einmal ein riesiges Dankesch\u00f6n f\u00fcr euren Einsatz!<\/p>\n\n\n\n<p><strong>Unsere Damen 1 <\/strong><br>(stehend v.l.n.r.): <em>Florian D\u00f6rfler (Trainer), Lena Kaifel, Sabrina B\u00f6hm, Maike Losch, Verena Kolbe, Penelope Pagliari, Svenja Hecht, Luisa Frank, Paloma Pagliari, Nicole Bosch, Julia Schl\u00f6\u00dfer, Kayla Michaelis, Dinah Reitz (Trainerin), Franziska Mader (Co-Trainerin)<br><\/em>(sitzend v.l.n.r.): <em>Tatjana Marjanovic, Annika Menner, Lena Eisenmenger, Pauline Hirsch, Sophia Schl\u00f6\u00dfer, Victoria Woda, Charlotte B\u00f6hm, Natalie Duarte Correia<\/em><\/p>\n","protected":false},"excerpt":{"rendered":"<p>Mannschaftsvorstellung Damen 1<\/p>\n<br\/><br\/><a class=\"read-more\" href=\"https:\/\/www.handball-ulm.de\/?p=17372\"> Mehr lesen...<\/a>","protected":false},"author":16,"featured_media":17373,"comment_status":"closed","ping_status":"closed","sticky":false,"template":"","format":"standard","meta":{"ngg_post_thumbnail":0,"footnotes":""},"categories":[93,13,63],"tags":[],"_links":{"self":[{"href":"https:\/\/www.handball-ulm.de\/index.php?rest_route=\/wp\/v2\/posts\/17372"}],"collection":[{"href":"https:\/\/www.handball-ulm.de\/index.php?rest_route=\/wp\/v2\/posts"}],"about":[{"href":"https:\/\/www.handball-ulm.de\/index.php?rest_route=\/wp\/v2\/types\/post"}],"author":[{"embeddable":true,"href":"https:\/\/www.handball-ulm.de\/index.php?rest_route=\/wp\/v2\/users\/16"}],"replies":[{"embeddable":true,"href":"https:\/\/www.handball-ulm.de\/index.php?rest_route=%2Fwp%2Fv2%2Fcomments&post=17372"}],"version-history":[{"count":2,"href":"https:\/\/www.handball-ulm.de\/index.php?rest_route=\/wp\/v2\/posts\/17372\/revisions"}],"predecessor-version":[{"id":17802,"href":"https:\/\/www.handball-ulm.de\/index.php?rest_route=\/wp\/v2\/posts\/17372\/revisions\/17802"}],"wp:featuredmedia":[{"embeddable":true,"href":"https:\/\/www.handball-ulm.de\/index.php?rest_route=\/wp\/v2\/media\/17373"}],"wp:attachment":[{"href":"https:\/\/www.handball-ulm.de\/index.php?rest_route=%2Fwp%2Fv2%2Fmedia&parent=17372"}],"wp:term":[{"taxonomy":"category","embeddable":true,"href":"https:\/\/www.handball-ulm.de\/index.php?rest_route=%2Fwp%2Fv2%2Fcategories&post=17372"},{"taxonomy":"post_tag","embeddable":true,"href":"https:\/\/www.handball-ulm.de\/index.php?rest_route=%2Fwp%2Fv2%2Ftags&post=17372"}],"curies":[{"name":"wp","href":"https:\/\/api.w.org\/{rel}","templated":true}]}}