{"id":17239,"date":"2024-09-29T01:20:48","date_gmt":"2024-09-28T23:20:48","guid":{"rendered":"https:\/\/www.handball-ulm.de\/?p=17239"},"modified":"2024-10-01T12:52:53","modified_gmt":"2024-10-01T10:52:53","slug":"start-geglueckt-maennliche-c-jugend","status":"publish","type":"post","link":"https:\/\/www.handball-ulm.de\/?p=17239","title":{"rendered":"Start gegl\u00fcckt &#8211; m\u00e4nnliche C-Jugend"},"content":{"rendered":"\n<p>Die Saison ist gestartet. <br>Das erste Spiel am 22.09.2024 in heimischer Tannenplatzhalle stand unter keinen guten Vorzeichen.<br>Die Trainings wurden meist nur mit h\u00f6chstens sieben Spielern absolviert, da der Rest krank war.<br>Entsprechend holprig war der Start gegen den TSB Ravensburg. Lagen wir anfangs z\u00fcgig ein paar Tore vorn, kamen die Ravensburger immer wieder heran. Immer wieder gab es den Ausgleich. 20:20 hie\u00df es noch in Minute 40. Viel zu viele Fehlw\u00fcrfe bestimmten das Ulmer Spiel. Erst gegen Ende wurden die Angriffe stabiler. Durch Tore von Alex, Malik, Lennert, Janosch und Leon konnten wir uns kurz mit 6 absetzen. Doch Christian Adler von den Rams war nicht zu bremsen und erzielte drei Tore in Folge. Am Ende konnten wir uns aber \u00fcber einen knappen, aber verdienten Sieg freuen: 28:25 f\u00fcr die Ulmer! Ein aufregender Saisonstart<\/p>\n\n\n\n<p>SG Ulm &amp; Wiblingen: Leon Eckerth (11), Alexander Moll (7), Janosch Reitz (3), Lennert Raiber (3), Philipp Schumacher (2), Lars Geyer (1), Malik Kizilaslan (1), Chuck Necknig, Jon Reitz, Lenny Sch\u00f6n, Julius Staud, Gleb Vintu<\/p>\n\n\n\n<figure class=\"wp-block-image size-large\"><img loading=\"lazy\" decoding=\"async\" width=\"1024\" height=\"615\" src=\"https:\/\/www.handball-ulm.de\/wp-content\/uploads\/2024\/09\/2024-09-28-um-18.08.54_470919dc-1024x615.jpg\" alt=\"\" class=\"wp-image-17243\" srcset=\"https:\/\/www.handball-ulm.de\/wp-content\/uploads\/2024\/09\/2024-09-28-um-18.08.54_470919dc-1024x615.jpg 1024w, https:\/\/www.handball-ulm.de\/wp-content\/uploads\/2024\/09\/2024-09-28-um-18.08.54_470919dc-300x180.jpg 300w, https:\/\/www.handball-ulm.de\/wp-content\/uploads\/2024\/09\/2024-09-28-um-18.08.54_470919dc-768x461.jpg 768w, https:\/\/www.handball-ulm.de\/wp-content\/uploads\/2024\/09\/2024-09-28-um-18.08.54_470919dc-1536x923.jpg 1536w, https:\/\/www.handball-ulm.de\/wp-content\/uploads\/2024\/09\/2024-09-28-um-18.08.54_470919dc-1170x703.jpg 1170w, https:\/\/www.handball-ulm.de\/wp-content\/uploads\/2024\/09\/2024-09-28-um-18.08.54_470919dc.jpg 1600w\" sizes=\"(max-width: 1024px) 100vw, 1024px\" \/><\/figure>\n\n\n\n<p>Am 28.09.2024 startete das zweite Spiel der Ulmer Jungs in der BOL. Ehingen hie\u00df das Ziel, zu dem viele Eltern mitfuhren. Die Gesundheit der meisten Spieler war halbwegs wiederhergestellt.<br>Das Spiel startete z\u00fcgig mit einem Drei-Tore-Vorsprung. Jedoch lie\u00dfen wir Ehingen immer wieder herankommen. Zur Halbzeit gingen wir mit einem Ergebnis von 16:10. Von einem sp\u00e4ter erarbeiteten Polster von acht Toren lie\u00dfen wir es wieder schrumpfen auf vier. Leon machte ein \u00fcberragendes Spiel. Auch die anderen Jungs gaben alles. Endlich erwachte auch unser Mitte und zog die Ehinger auf sich, um dann geschickt auf Leon abzulegen. Alex und Philipp zogen am Kreis die Abwehr auseinander. Gut, dass die Jungs umsetzen, was trainiert wurde. Es war eine Freude, dem Ulmer Handball zuzuschauen. Das Ergebnis von 36:27 ist absolut in Ordnung. Eine wirklich sehr gute Mannschaftsleistung, die die Trainer begeisterte. Gut gemacht, Ulmer! Ihr habt uns gezeigt, dass Teamgeist und ein bisschen Spa\u00df die besten Zutaten f\u00fcr ein Handballspiel sind!<\/p>\n\n\n\n<p>SG Ulm &amp; Wiblingen: Leon Eckerth (12), Alexander Moll (8), Janosch Reitz (7), Malik Kizilaslan (4), Lennert Raiber (3), Lars Geyer (2), Chuck Necknig, Philipp Schumacher, Lenny Sch\u00f6n, Julius Staud<\/p>\n\n\n\n<p><\/p>\n","protected":false},"excerpt":{"rendered":"<p>Zwei Siege in Folge<\/p>\n<br\/><br\/><a class=\"read-more\" href=\"https:\/\/www.handball-ulm.de\/?p=17239\"> Mehr lesen...<\/a>","protected":false},"author":10,"featured_media":17243,"comment_status":"closed","ping_status":"closed","sticky":false,"template":"","format":"standard","meta":{"ngg_post_thumbnail":0,"footnotes":""},"categories":[93,19,63],"tags":[],"_links":{"self":[{"href":"https:\/\/www.handball-ulm.de\/index.php?rest_route=\/wp\/v2\/posts\/17239"}],"collection":[{"href":"https:\/\/www.handball-ulm.de\/index.php?rest_route=\/wp\/v2\/posts"}],"about":[{"href":"https:\/\/www.handball-ulm.de\/index.php?rest_route=\/wp\/v2\/types\/post"}],"author":[{"embeddable":true,"href":"https:\/\/www.handball-ulm.de\/index.php?rest_route=\/wp\/v2\/users\/10"}],"replies":[{"embeddable":true,"href":"https:\/\/www.handball-ulm.de\/index.php?rest_route=%2Fwp%2Fv2%2Fcomments&post=17239"}],"version-history":[{"count":5,"href":"https:\/\/www.handball-ulm.de\/index.php?rest_route=\/wp\/v2\/posts\/17239\/revisions"}],"predecessor-version":[{"id":17263,"href":"https:\/\/www.handball-ulm.de\/index.php?rest_route=\/wp\/v2\/posts\/17239\/revisions\/17263"}],"wp:featuredmedia":[{"embeddable":true,"href":"https:\/\/www.handball-ulm.de\/index.php?rest_route=\/wp\/v2\/media\/17243"}],"wp:attachment":[{"href":"https:\/\/www.handball-ulm.de\/index.php?rest_route=%2Fwp%2Fv2%2Fmedia&parent=17239"}],"wp:term":[{"taxonomy":"category","embeddable":true,"href":"https:\/\/www.handball-ulm.de\/index.php?rest_route=%2Fwp%2Fv2%2Fcategories&post=17239"},{"taxonomy":"post_tag","embeddable":true,"href":"https:\/\/www.handball-ulm.de\/index.php?rest_route=%2Fwp%2Fv2%2Ftags&post=17239"}],"curies":[{"name":"wp","href":"https:\/\/api.w.org\/{rel}","templated":true}]}}