{"id":17235,"date":"2024-05-28T23:53:00","date_gmt":"2024-05-28T21:53:00","guid":{"rendered":"https:\/\/www.handball-ulm.de\/?p=17235"},"modified":"2024-10-01T12:44:17","modified_gmt":"2024-10-01T10:44:17","slug":"saison-2024-2025","status":"publish","type":"post","link":"https:\/\/www.handball-ulm.de\/?p=17235","title":{"rendered":"Saison 2024\/2025"},"content":{"rendered":"\n<p>Jahrgang 2010\/2011 &#8211; so wird die m\u00e4nnliche C-Jugend diese Saison besetzt.<br>Urspr\u00fcnglich waren wir 12 Jungs, aber durch Daniels l\u00e4ngeren Ausfall sind wir jetzt eine coole Elf. Aber keine Sorge, die D-Jugend hat schon ein paar k\u00fcnftige Handballstars, die sich gerne anschlie\u00dfen!<br>In unserem Kader haben wir gleich zwei starke Torh\u00fcter \u2013 wir sind also bestens aufgestellt! Das Team ist super harmonisch und versteht sich pr\u00e4chtig, was zu einem tollen Zusammenspiel f\u00fchrt.<br>Unser Plan, in die Landesliga zu kommen, hat leider nicht ganz geklappt \u2013 ein kleines T\u00f6rchen hat gefehlt! Aber hey, wir haben uns immerhin direkt f\u00fcr die Bezirksoberliga qualifiziert. Die wird spannend, denn da treffen wir auf starke Gegner wie Hard, Laupheim und Ravensburg \u2013 die sind wie die Avengers der Handballwelt! Wangen, Biberach und Hohenems sind ebenfalls sehr starke Gegner und auch die Jungs aus S\u00f6flingen, Ehingen und Saulgau spielen einen guten Handball. <br>Wir wollen unser schnelles, offenes Spiel weiter verfeinern und jeden Spieler auf vielen Positionen ausbilden. Dabei ist es uns wichtig, dass niemand aufgrund seiner K\u00f6rpergr\u00f6\u00dfe oder Wurfarmseite in eine Schublade gesteckt wird \u2013 denn letztendlich sind wir alle gleich gro\u00df, wenn wir gemeinsam lachen und Spa\u00df haben!&#8220;  <\/p>\n\n\n\n<p>Wir freuen uns auf eine aufregende Saison voller Erfolge und cooler Aktionen auf und neben dem Feld! Lasst die Spiele beginnen!<\/p>\n\n\n\n<figure class=\"wp-block-image size-large\"><img loading=\"lazy\" decoding=\"async\" width=\"1024\" height=\"768\" src=\"https:\/\/www.handball-ulm.de\/wp-content\/uploads\/2024\/09\/2024_mC-1024x768.jpg\" alt=\"\" class=\"wp-image-17237\" srcset=\"https:\/\/www.handball-ulm.de\/wp-content\/uploads\/2024\/09\/2024_mC-1024x768.jpg 1024w, https:\/\/www.handball-ulm.de\/wp-content\/uploads\/2024\/09\/2024_mC-300x225.jpg 300w, https:\/\/www.handball-ulm.de\/wp-content\/uploads\/2024\/09\/2024_mC-768x576.jpg 768w, https:\/\/www.handball-ulm.de\/wp-content\/uploads\/2024\/09\/2024_mC-1536x1152.jpg 1536w, https:\/\/www.handball-ulm.de\/wp-content\/uploads\/2024\/09\/2024_mC-1170x878.jpg 1170w, https:\/\/www.handball-ulm.de\/wp-content\/uploads\/2024\/09\/2024_mC.jpg 2048w\" sizes=\"(max-width: 1024px) 100vw, 1024px\" \/><\/figure>\n","protected":false},"excerpt":{"rendered":"<p>Jahrgang 2010\/2011 &#8211; so wird die m\u00e4nnliche C-Jugend diese Saison besetzt.Urspr\u00fcnglich waren wir 12 Jungs, aber durch Daniels l\u00e4ngeren Ausfall sind wir jetzt eine coole Elf. Aber keine Sorge, die D-Jugend hat schon ein paar k\u00fcnftige Handballstars, die sich gerne anschlie\u00dfen!In unserem Kader haben wir gleich zwei starke Torh\u00fcter \u2013 wir sind also bestens aufgestellt! [&hellip;]<\/p>\n<br\/><br\/><a class=\"read-more\" href=\"https:\/\/www.handball-ulm.de\/?p=17235\"> Mehr lesen...<\/a>","protected":false},"author":10,"featured_media":0,"comment_status":"closed","ping_status":"closed","sticky":false,"template":"","format":"standard","meta":{"ngg_post_thumbnail":0,"footnotes":""},"categories":[1,93,19,63],"tags":[],"_links":{"self":[{"href":"https:\/\/www.handball-ulm.de\/index.php?rest_route=\/wp\/v2\/posts\/17235"}],"collection":[{"href":"https:\/\/www.handball-ulm.de\/index.php?rest_route=\/wp\/v2\/posts"}],"about":[{"href":"https:\/\/www.handball-ulm.de\/index.php?rest_route=\/wp\/v2\/types\/post"}],"author":[{"embeddable":true,"href":"https:\/\/www.handball-ulm.de\/index.php?rest_route=\/wp\/v2\/users\/10"}],"replies":[{"embeddable":true,"href":"https:\/\/www.handball-ulm.de\/index.php?rest_route=%2Fwp%2Fv2%2Fcomments&post=17235"}],"version-history":[{"count":4,"href":"https:\/\/www.handball-ulm.de\/index.php?rest_route=\/wp\/v2\/posts\/17235\/revisions"}],"predecessor-version":[{"id":17260,"href":"https:\/\/www.handball-ulm.de\/index.php?rest_route=\/wp\/v2\/posts\/17235\/revisions\/17260"}],"wp:attachment":[{"href":"https:\/\/www.handball-ulm.de\/index.php?rest_route=%2Fwp%2Fv2%2Fmedia&parent=17235"}],"wp:term":[{"taxonomy":"category","embeddable":true,"href":"https:\/\/www.handball-ulm.de\/index.php?rest_route=%2Fwp%2Fv2%2Fcategories&post=17235"},{"taxonomy":"post_tag","embeddable":true,"href":"https:\/\/www.handball-ulm.de\/index.php?rest_route=%2Fwp%2Fv2%2Ftags&post=17235"}],"curies":[{"name":"wp","href":"https:\/\/api.w.org\/{rel}","templated":true}]}}