{"id":17216,"date":"2024-09-22T22:00:00","date_gmt":"2024-09-22T20:00:00","guid":{"rendered":"https:\/\/www.handball-ulm.de\/?p=17216"},"modified":"2024-09-23T16:36:02","modified_gmt":"2024-09-23T14:36:02","slug":"fehlstart-in-die-saison","status":"publish","type":"post","link":"https:\/\/www.handball-ulm.de\/?p=17216","title":{"rendered":"Fehlstart in die Saison"},"content":{"rendered":"\n<p>(AM) Die lange und intensive Vorbereitungsphase ist endlich vorbei und wir starten voller Vorfreude in die neue Saison 2024\/2025! Aufgrund einiger Umstrukturierungen in den Bezirken treten unsere Damen 1 in dieser Spielzeit in der Bezirksliga an. Bereits am vergangenen Sonntag ging es f\u00fcr das Team nach Laichingen, wo sie ihr erstes Ausw\u00e4rtsspiel bestritten.<\/p>\n\n\n\n<p>Trotz aller Motivation misslang der Start leider v\u00f6llig, sodass die Mannschaft von Trainerin Dinah Reitz leider bereits fr\u00fch einem deutlichen R\u00fcckstand hinterherlief. Bereits in der Vorsaison sowie in den Testspielen zeigte sich, dass das Team des \u00d6fteren seine Zeit braucht, um ins Spiel zu finden. Doch w\u00e4hrend sich normalerweise nach etwa 10 bis 15 Minuten die Defensive stabilisiert und die Offensive an Fahrt aufnimmt, blieb der erhoffte &#8222;Klickmoment&#8220; in diesem Spiel aus. Stattdessen wurde der R\u00fcckstand kontinuierlich gr\u00f6\u00dfer und zur Halbzeit lag die SG Ulm &amp; Wiblingen bereits mit 11 Toren zur\u00fcck \u2013 ein denkbar schlechter Start in die neue Saison. Trotz der deutlichen Unterlegenheit zur Pause hoffte man auf eine Wende in der zweiten Halbzeit, da das Team in der Vergangenheit bereits mehrfach bewiesen hatte, dass es mit der richtigen Einstellung durchaus in der Lage ist, auch aussichtslose Spiele zu drehen. Isoliert betrachtet gestalteten sich die zweiten 30 Minuten der Partie auch deutlich ausgeglichener, den Vorsprung der Gastgeberinnen konnten die Ulmerinnen allerdings nicht mehr aufholen. Am Ende wurde schlie\u00dflich auch nicht mehr mit der letzten Entschlossenheit verteidigt und die SG musste sich mit einer deutlichen 42:29-Niederlage geschlagen geben.<\/p>\n\n\n\n<p>Nun gilt es, diese ungl\u00fcckliche Partie schnell abzuhaken und sich auf das n\u00e4chste Spiel zu fokussieren. In zwei Wochen steht das erste Heimspiel gegen den TV Weingarten 2 an. Die Mannschaft wird alles daransetzen, mit frischem Elan von null zu starten und die ersten Punkte der Saison einzufahren. Anpfiff ist um 18:00 Uhr.<\/p>\n\n\n\n<p>Spielfilm: 3:2, 11:5, 23:12, 26:15, 30:21, 35:24, 42:29<\/p>\n\n\n\n<p>Damen 1: Hirsch, S. Schl\u00f6\u00dfer; Marjanovic, Hecht (2), Frank, Woda (1), Pagliari (1), B\u00f6hm (4\/1 Siebenmeter), J. Schl\u00f6\u00dfer, Michaelis (12\/5 Siebenmeter), Kolbe (6), Losch (2), Menner (1)<\/p>\n","protected":false},"excerpt":{"rendered":"<p>Spielbericht Damen 1: TSV Laichingen &#8211; SG Ulm &#038; Wiblingen<\/p>\n<br\/><br\/><a class=\"read-more\" href=\"https:\/\/www.handball-ulm.de\/?p=17216\"> Mehr lesen...<\/a>","protected":false},"author":16,"featured_media":0,"comment_status":"closed","ping_status":"closed","sticky":false,"template":"","format":"standard","meta":{"ngg_post_thumbnail":0,"footnotes":""},"categories":[93,13,63],"tags":[],"_links":{"self":[{"href":"https:\/\/www.handball-ulm.de\/index.php?rest_route=\/wp\/v2\/posts\/17216"}],"collection":[{"href":"https:\/\/www.handball-ulm.de\/index.php?rest_route=\/wp\/v2\/posts"}],"about":[{"href":"https:\/\/www.handball-ulm.de\/index.php?rest_route=\/wp\/v2\/types\/post"}],"author":[{"embeddable":true,"href":"https:\/\/www.handball-ulm.de\/index.php?rest_route=\/wp\/v2\/users\/16"}],"replies":[{"embeddable":true,"href":"https:\/\/www.handball-ulm.de\/index.php?rest_route=%2Fwp%2Fv2%2Fcomments&post=17216"}],"version-history":[{"count":1,"href":"https:\/\/www.handball-ulm.de\/index.php?rest_route=\/wp\/v2\/posts\/17216\/revisions"}],"predecessor-version":[{"id":17217,"href":"https:\/\/www.handball-ulm.de\/index.php?rest_route=\/wp\/v2\/posts\/17216\/revisions\/17217"}],"wp:attachment":[{"href":"https:\/\/www.handball-ulm.de\/index.php?rest_route=%2Fwp%2Fv2%2Fmedia&parent=17216"}],"wp:term":[{"taxonomy":"category","embeddable":true,"href":"https:\/\/www.handball-ulm.de\/index.php?rest_route=%2Fwp%2Fv2%2Fcategories&post=17216"},{"taxonomy":"post_tag","embeddable":true,"href":"https:\/\/www.handball-ulm.de\/index.php?rest_route=%2Fwp%2Fv2%2Ftags&post=17216"}],"curies":[{"name":"wp","href":"https:\/\/api.w.org\/{rel}","templated":true}]}}